{"id":20997,"date":"2026-09-01T09:30:02","date_gmt":"2026-09-01T07:30:02","guid":{"rendered":"https:\/\/labenefica.org\/?p=20997"},"modified":"2026-08-26T09:13:06","modified_gmt":"2026-08-26T07:13:06","slug":"participa-nel-barullu-taller-de-radio-abiertu","status":"publish","type":"post","link":"https:\/\/labenefica.org\/ast\/participa-nel-barullu-taller-de-radio-abiertu\/","title":{"rendered":"Participa nel Barullu: Taller de radio abiertu"},"content":{"rendered":"\t\t<div data-elementor-type=\"wp-post\" data-elementor-id=\"20997\" class=\"elementor elementor-20997 elementor-20996\" data-elementor-post-type=\"post\">\n\t\t\t\t\t\t<section class=\"elementor-section elementor-top-section elementor-element elementor-element-6ecd00f elementor-section-stretched elementor-section-boxed elementor-section-height-default elementor-section-height-default qodef-elementor-content-no\" data-id=\"6ecd00f\" data-element_type=\"section\" data-e-type=\"section\" data-settings=\"{&quot;stretch_section&quot;:&quot;section-stretched&quot;}\">\n\t\t\t\t\t\t<div class=\"elementor-container elementor-column-gap-default\">\n\t\t\t\t\t<div class=\"elementor-column elementor-col-50 elementor-top-column elementor-element elementor-element-e96448d\" data-id=\"e96448d\" data-element_type=\"column\" data-e-type=\"column\">\n\t\t\t<div class=\"elementor-widget-wrap elementor-element-populated\">\n\t\t\t\t\t\t<div class=\"elementor-element elementor-element-d61e79f elementor-widget elementor-widget-image\" data-id=\"d61e79f\" data-element_type=\"widget\" data-e-type=\"widget\" data-widget_type=\"image.default\">\n\t\t\t\t<div class=\"elementor-widget-container\">\n\t\t\t\t\t\t\t\t\t\t\t\t\t\t\t<img fetchpriority=\"high\" decoding=\"async\" width=\"819\" height=\"1024\" src=\"https:\/\/labenefica.org\/wp-content\/uploads\/2026\/09\/Taller-Radio-IG-819x1024.jpg\" class=\"attachment-large size-large wp-image-21005\" alt=\"\" srcset=\"https:\/\/labenefica.org\/wp-content\/uploads\/2026\/09\/Taller-Radio-IG-819x1024.jpg 819w, https:\/\/labenefica.org\/wp-content\/uploads\/2026\/09\/Taller-Radio-IG-240x300.jpg 240w, https:\/\/labenefica.org\/wp-content\/uploads\/2026\/09\/Taller-Radio-IG-768x960.jpg 768w, https:\/\/labenefica.org\/wp-content\/uploads\/2026\/09\/Taller-Radio-IG-1229x1536.jpg 1229w, https:\/\/labenefica.org\/wp-content\/uploads\/2026\/09\/Taller-Radio-IG-1638x2048.jpg 1638w, https:\/\/labenefica.org\/wp-content\/uploads\/2026\/09\/Taller-Radio-IG-1000x1250.jpg 1000w, https:\/\/labenefica.org\/wp-content\/uploads\/2026\/09\/Taller-Radio-IG.jpg 2000w\" sizes=\"(max-width: 819px) 100vw, 819px\" \/>\t\t\t\t\t\t\t\t\t\t\t\t\t\t\t<\/div>\n\t\t\t\t<\/div>\n\t\t\t\t\t<\/div>\n\t\t<\/div>\n\t\t\t\t<div class=\"elementor-column elementor-col-50 elementor-top-column elementor-element elementor-element-952de4f\" data-id=\"952de4f\" data-element_type=\"column\" data-e-type=\"column\">\n\t\t\t<div class=\"elementor-widget-wrap elementor-element-populated\">\n\t\t\t\t\t\t<div class=\"elementor-element elementor-element-d8865af elementor-widget elementor-widget-heading\" data-id=\"d8865af\" data-element_type=\"widget\" data-e-type=\"widget\" data-widget_type=\"heading.default\">\n\t\t\t\t<div class=\"elementor-widget-container\">\n\t\t\t\t\t<h3 class=\"elementor-heading-title elementor-size-default\">INFO PR\u00c1CTICA<\/h3>\t\t\t\t<\/div>\n\t\t\t\t<\/div>\n\t\t\t\t<div class=\"elementor-element elementor-element-67535f0 elementor-widget elementor-widget-text-editor\" data-id=\"67535f0\" data-element_type=\"widget\" data-e-type=\"widget\" data-widget_type=\"text-editor.default\">\n\t\t\t\t<div class=\"elementor-widget-container\">\n\t\t\t\t\t\t\t\t\t<p style=\"padding-left: 40px;\"><span style=\"font-weight: 400;\"> <strong>&gt; Fecha:<\/strong> S\u00e1badu 26 de &gt;setiembre<br><\/span><span style=\"font-weight: 400;\"> <strong>&gt; Hora:<\/strong> De 11h a 14h<br><\/span><span style=\"font-weight: 400;\"> <strong>&gt; lLugar:<\/strong> Chigre La Mal\u00e9fica<br><\/span><strong>&gt; De baldre con inscripci\u00f3n<\/strong><\/p>\t\t\t\t\t\t\t\t<\/div>\n\t\t\t\t<\/div>\n\t\t\t\t<div class=\"elementor-element elementor-element-28541b6 elementor-widget elementor-widget-text-editor\" data-id=\"28541b6\" data-element_type=\"widget\" data-e-type=\"widget\" data-widget_type=\"text-editor.default\">\n\t\t\t\t<div class=\"elementor-widget-container\">\n\t\t\t\t\t\t\t\t\t<p><span style=\"font-weight: 400;\">Arrancamos esti setiembre y principiu de cursu con nuevos escomienzos de la nuestra radio. Depu\u00e9s d\u2019un a\u00f1u de proyectos art\u00edsticos de radio n\u2019escueles y institutos, residencies de podcast pa la moced\u00e1, talleres abiertos de guion y esperimentaci\u00f3n sonora y un programa selmanal d\u2019entrevistes, esti branu decidimos formar un Grupo de Radio coles Anes, les Laures, To\u00f1o y Mar\u00eda pa pensar el futuru de Radio Barullu. <\/span><\/p><p><span style=\"font-weight: 400;\">Queremos que Radio Barullu avance p\u2019hacia una radio comunitaria m\u00e1s participada y din\u00e1mica. Y ye que nos fai muncha muncha muncha ilusi\u00f3n facer realid\u00e1 esti sue\u00f1u de contar con una radio comunitaria en Pilo\u00f1a. Vamos dir cont\u00e1ndovos m\u00e1s sobre los nuestros pr\u00f3ximos pasos pero por agora queremos convidavos a una activid\u00e1-taller-presentaci\u00f3n-alcuentru-fiesta que vamos facer el pr\u00f3ximu s\u00e1badu 26 de setiembre en Chigre La Mal\u00e9fica con, nada m\u00e1s nin nada menos que Radio QK. Punx\u00edmos-y el nome de<\/span> <b>Participa nel Barullu: Taller de radio abiertu<\/b><span style=\"font-weight: 400;\">, porque queremos xuntanos alredor de los micr\u00f3fonos y grabar tolos pensamientos, recuerdos y sentimientos que pasen peles vuestres cabeces. Qui\u00e9n sabe, a lo meyor decid\u00eds quedar y axuntavos a la nuestra radio\u2026<\/span><\/p>\t\t\t\t\t\t\t\t<\/div>\n\t\t\t\t<\/div>\n\t\t\t\t\t<\/div>\n\t\t<\/div>\n\t\t\t\t\t<\/div>\n\t\t<\/section>\n\t\t\t\t<section class=\"elementor-section elementor-top-section elementor-element elementor-element-b511291 elementor-section-stretched elementor-section-boxed elementor-section-height-default elementor-section-height-default qodef-elementor-content-no\" data-id=\"b511291\" data-element_type=\"section\" data-e-type=\"section\" data-settings=\"{&quot;stretch_section&quot;:&quot;section-stretched&quot;}\">\n\t\t\t\t\t\t<div class=\"elementor-container elementor-column-gap-default\">\n\t\t\t\t\t<div class=\"elementor-column elementor-col-100 elementor-top-column elementor-element elementor-element-6aa30ab\" data-id=\"6aa30ab\" data-element_type=\"column\" data-e-type=\"column\">\n\t\t\t<div class=\"elementor-widget-wrap elementor-element-populated\">\n\t\t\t\t\t\t<div class=\"elementor-element elementor-element-6ea9f84 elementor-widget elementor-widget-text-editor\" data-id=\"6ea9f84\" data-element_type=\"widget\" data-e-type=\"widget\" data-widget_type=\"text-editor.default\">\n\t\t\t\t<div class=\"elementor-widget-container\">\n\t\t\t\t\t\t\t\t\t<p><span style=\"font-weight: 400;\">Esta activid\u00e1 ye un taller participativu pal que nun fai falta neng\u00fan tipu d\u2019esperiencia. Nam\u00e1s precisamos que traigas gana y creativid\u00e1. Los collacios y collacies de Radio QK van ayudanos col grupu de radio de La Ben\u00e9fica a que too salga rodado\u2026 \u00a1Esper\u00e1mosvos!<\/span><\/p><p><span style=\"font-weight: 400;\">Ah, importante. Como nun queremos morrer d\u2019\u00e9xitu, vais tener qu\u2019inscribivos nesti <\/span><span style=\"color: #3962ff;\"><strong><a style=\"color: #3962ff;\" href=\"https:\/\/forms.gle\/p5WEYnqsB1MQ16Ya7\">enllace<\/a>.<\/strong><\/span><\/p>\t\t\t\t\t\t\t\t<\/div>\n\t\t\t\t<\/div>\n\t\t\t\t\t<\/div>\n\t\t<\/div>\n\t\t\t\t\t<\/div>\n\t\t<\/section>\n\t\t\t\t<section class=\"elementor-section elementor-top-section elementor-element elementor-element-69c033c elementor-section-full_width elementor-section-height-default elementor-section-height-default qodef-elementor-content-no\" data-id=\"69c033c\" data-element_type=\"section\" data-e-type=\"section\">\n\t\t\t\t\t\t<div class=\"elementor-container elementor-column-gap-default\">\n\t\t\t\t\t<div class=\"elementor-column elementor-col-100 elementor-top-column elementor-element elementor-element-ddaff27\" data-id=\"ddaff27\" data-element_type=\"column\" data-e-type=\"column\">\n\t\t\t<div class=\"elementor-widget-wrap elementor-element-populated\">\n\t\t\t\t\t\t<div class=\"elementor-element elementor-element-38e4c9f elementor-widget elementor-widget-image\" data-id=\"38e4c9f\" data-element_type=\"widget\" data-e-type=\"widget\" data-widget_type=\"image.default\">\n\t\t\t\t<div class=\"elementor-widget-container\">\n\t\t\t\t\t\t\t\t\t\t\t\t\t\t\t<img decoding=\"async\" width=\"300\" height=\"61\" src=\"https:\/\/labenefica.org\/wp-content\/uploads\/2026\/05\/Logo-Oyios-300x61.png\" class=\"attachment-medium size-medium wp-image-19343\" alt=\"\" srcset=\"https:\/\/labenefica.org\/wp-content\/uploads\/2026\/05\/Logo-Oyios-300x61.png 300w, https:\/\/labenefica.org\/wp-content\/uploads\/2026\/05\/Logo-Oyios.png 584w\" sizes=\"(max-width: 300px) 100vw, 300px\" \/>\t\t\t\t\t\t\t\t\t\t\t\t\t\t\t<\/div>\n\t\t\t\t<\/div>\n\t\t\t\t\t<\/div>\n\t\t<\/div>\n\t\t\t\t\t<\/div>\n\t\t<\/section>\n\t\t\t\t<\/div>\n\t\t","protected":false},"excerpt":{"rendered":"<p>INFO PR\u00c1CTICA &gt; Fecha: S\u00e1badu 26 de &gt;setiembre &gt; Hora: De 11h a 14h &gt; lLugar: Chigre La Mal\u00e9fica&gt; De baldre con inscripci\u00f3n Arrancamos esti setiembre y principiu de cursu con nuevos escomienzos de la nuestra radio. Depu\u00e9s d\u2019un a\u00f1u de proyectos art\u00edsticos de radio n\u2019escueles y institutos, residencies de podcast pa la moced\u00e1, talleres [&hellip;]<\/p>\n","protected":false},"author":1,"featured_media":21004,"comment_status":"closed","ping_status":"closed","sticky":false,"template":"","format":"standard","meta":{"_monsterinsights_skip_tracking":false,"footnotes":""},"categories":[120,123,122,121],"tags":[],"class_list":["post-20997","post","type-post","status-publish","format-standard","has-post-thumbnail","hentry","category-colaboraciones-2","category-noticias","category-programacion-cultural-2","category-proyectos-de-mediacion-2"],"aioseo_notices":[],"aioseo_head":"\n\t\t<!-- All in One SEO 5.0.1.1 - aioseo.com -->\n\t<meta name=\"description\" content=\"INFO PR\u00c1CTICA &gt; Fecha: S\u00e1badu 26 de &gt;setiembre &gt; Hora: De 11h a 14h &gt; lLugar: Chigre La Mal\u00e9fica&gt; De baldre con inscripci\u00f3n Arrancamos esti setiembre y principiu de cursu con nuevos escomienzos de la nuestra radio. Depu\u00e9s d\u2019un a\u00f1u de proyectos art\u00edsticos de radio n\u2019escueles y institutos, residencies de podcast pa la moced\u00e1, talleres\" \/>\n\t<meta name=\"robots\" content=\"max-image-preview:large\" \/>\n\t<meta name=\"author\" content=\"Llunik\"\/>\n\t<link rel=\"canonical\" href=\"https:\/\/labenefica.org\/ast\/participa-nel-barullu-taller-de-radio-abiertu\/\" \/>\n\t<meta name=\"generator\" content=\"All in One SEO (AIOSEO) 5.0.1.1\" \/>\n\t\t<meta property=\"og:locale\" content=\"en_US\" \/>\n\t\t<meta property=\"og:site_name\" content=\"La Ben\u00e9fica de Pilo\u00f1a | Espaciu Cultural\" \/>\n\t\t<meta property=\"og:type\" content=\"article\" \/>\n\t\t<meta property=\"og:title\" content=\"Participa nel Barullu: Taller de radio abiertu | La Ben\u00e9fica de Pilo\u00f1a\" \/>\n\t\t<meta property=\"og:description\" content=\"INFO PR\u00c1CTICA &gt; Fecha: S\u00e1badu 26 de &gt;setiembre &gt; Hora: De 11h a 14h &gt; lLugar: Chigre La Mal\u00e9fica&gt; De baldre con inscripci\u00f3n Arrancamos esti setiembre y principiu de cursu con nuevos escomienzos de la nuestra radio. Depu\u00e9s d\u2019un a\u00f1u de proyectos art\u00edsticos de radio n\u2019escueles y institutos, residencies de podcast pa la moced\u00e1, talleres\" \/>\n\t\t<meta property=\"og:url\" content=\"https:\/\/labenefica.org\/ast\/participa-nel-barullu-taller-de-radio-abiertu\/\" \/>\n\t\t<meta property=\"og:image\" content=\"https:\/\/labenefica.org\/wp-content\/uploads\/2026\/09\/Taller-Radio-IG-Story.jpg\" \/>\n\t\t<meta property=\"og:image:secure_url\" content=\"https:\/\/labenefica.org\/wp-content\/uploads\/2026\/09\/Taller-Radio-IG-Story.jpg\" \/>\n\t\t<meta property=\"og:image:width\" content=\"1080\" \/>\n\t\t<meta property=\"og:image:height\" content=\"1920\" \/>\n\t\t<meta property=\"article:published_time\" content=\"2026-09-01T07:30:02+00:00\" \/>\n\t\t<meta property=\"article:modified_time\" content=\"2026-08-26T07:13:06+00:00\" \/>\n\t\t<meta property=\"article:publisher\" content=\"https:\/\/www.facebook.com\/labeneficadepilona\" \/>\n\t\t<meta name=\"twitter:card\" content=\"summary\" \/>\n\t\t<meta name=\"twitter:title\" content=\"Participa nel Barullu: Taller de radio abiertu | La Ben\u00e9fica de Pilo\u00f1a\" \/>\n\t\t<meta name=\"twitter:description\" content=\"INFO PR\u00c1CTICA &gt; Fecha: S\u00e1badu 26 de &gt;setiembre &gt; Hora: De 11h a 14h &gt; lLugar: Chigre La Mal\u00e9fica&gt; De baldre con inscripci\u00f3n Arrancamos esti setiembre y principiu de cursu con nuevos escomienzos de la nuestra radio. Depu\u00e9s d\u2019un a\u00f1u de proyectos art\u00edsticos de radio n\u2019escueles y institutos, residencies de podcast pa la moced\u00e1, talleres\" \/>\n\t\t<meta name=\"twitter:image\" content=\"https:\/\/labenefica.org\/wp-content\/uploads\/2026\/09\/Taller-Radio-IG-Story.jpg\" \/>\n\t\t<script type=\"application\/ld+json\" class=\"aioseo-schema\">\n\t\t\t{\"@context\":\"https:\\\/\\\/schema.org\",\"@graph\":[{\"@type\":\"BlogPosting\",\"@id\":\"https:\\\/\\\/labenefica.org\\\/ast\\\/participa-nel-barullu-taller-de-radio-abiertu\\\/#blogposting\",\"name\":\"Participa nel Barullu: Taller de radio abiertu | La Ben\\u00e9fica de Pilo\\u00f1a\",\"headline\":\"Participa nel Barullu: Taller de radio abiertu\",\"author\":{\"@id\":\"https:\\\/\\\/labenefica.org\\\/ast\\\/author\\\/llunik\\\/#author\"},\"publisher\":{\"@id\":\"https:\\\/\\\/labenefica.org\\\/ast\\\/#organization\"},\"image\":{\"@type\":\"ImageObject\",\"url\":\"https:\\\/\\\/labenefica.org\\\/wp-content\\\/uploads\\\/2026\\\/09\\\/Taller-Radio-IG-Story.jpg\",\"width\":1080,\"height\":1920},\"datePublished\":\"2026-09-01T09:30:02+02:00\",\"dateModified\":\"2026-08-26T09:13:06+02:00\",\"inLanguage\":\"ast-ES\",\"mainEntityOfPage\":{\"@id\":\"https:\\\/\\\/labenefica.org\\\/ast\\\/participa-nel-barullu-taller-de-radio-abiertu\\\/#webpage\"},\"isPartOf\":{\"@id\":\"https:\\\/\\\/labenefica.org\\\/ast\\\/participa-nel-barullu-taller-de-radio-abiertu\\\/#webpage\"},\"articleSection\":\"Colaboraciones, Noticias, Programaci\\u00f3n cultural, Proyectos de mediaci\\u00f3n, Optional\"},{\"@type\":\"BreadcrumbList\",\"@id\":\"https:\\\/\\\/labenefica.org\\\/ast\\\/participa-nel-barullu-taller-de-radio-abiertu\\\/#breadcrumblist\",\"itemListElement\":[{\"@type\":\"ListItem\",\"@id\":\"https:\\\/\\\/labenefica.org\\\/ast\\\/#listItem\",\"position\":1,\"name\":\"Inicio\",\"item\":\"https:\\\/\\\/labenefica.org\\\/ast\\\/\",\"nextItem\":{\"@type\":\"ListItem\",\"@id\":\"https:\\\/\\\/labenefica.org\\\/ast\\\/category\\\/collaboraciones\\\/#listItem\",\"name\":\"Collaboraciones\"}},{\"@type\":\"ListItem\",\"@id\":\"https:\\\/\\\/labenefica.org\\\/ast\\\/category\\\/collaboraciones\\\/#listItem\",\"position\":2,\"name\":\"Collaboraciones\",\"item\":\"https:\\\/\\\/labenefica.org\\\/ast\\\/category\\\/collaboraciones\\\/\",\"nextItem\":{\"@type\":\"ListItem\",\"@id\":\"https:\\\/\\\/labenefica.org\\\/ast\\\/participa-nel-barullu-taller-de-radio-abiertu\\\/#listItem\",\"name\":\"Participa nel Barullu: Taller de radio abiertu\"},\"previousItem\":{\"@type\":\"ListItem\",\"@id\":\"https:\\\/\\\/labenefica.org\\\/ast\\\/#listItem\",\"name\":\"Inicio\"}},{\"@type\":\"ListItem\",\"@id\":\"https:\\\/\\\/labenefica.org\\\/ast\\\/participa-nel-barullu-taller-de-radio-abiertu\\\/#listItem\",\"position\":3,\"name\":\"Participa nel Barullu: Taller de radio abiertu\",\"previousItem\":{\"@type\":\"ListItem\",\"@id\":\"https:\\\/\\\/labenefica.org\\\/ast\\\/category\\\/collaboraciones\\\/#listItem\",\"name\":\"Collaboraciones\"}}]},{\"@type\":\"Organization\",\"@id\":\"https:\\\/\\\/labenefica.org\\\/ast\\\/#organization\",\"name\":\"La Ben\\u00e9fica de Pilo\\u00f1a\",\"description\":\"Espaciu Cultural\",\"url\":\"https:\\\/\\\/labenefica.org\\\/ast\\\/\",\"sameAs\":[\"https:\\\/\\\/www.facebook.com\\\/labeneficadepilona\",\"https:\\\/\\\/www.instagram.com\\\/la_benefica_pilona\\\/\"]},{\"@type\":\"Person\",\"@id\":\"https:\\\/\\\/labenefica.org\\\/ast\\\/author\\\/llunik\\\/#author\",\"url\":\"https:\\\/\\\/labenefica.org\\\/ast\\\/author\\\/llunik\\\/\",\"name\":\"Llunik\",\"image\":{\"@type\":\"ImageObject\",\"@id\":\"https:\\\/\\\/labenefica.org\\\/ast\\\/participa-nel-barullu-taller-de-radio-abiertu\\\/#authorImage\",\"url\":\"https:\\\/\\\/secure.gravatar.com\\\/avatar\\\/260a75dfa406f4242668161e429de4ca053f2c5aa34ac0fd43992746193c32f3?s=96&d=mm&r=g\",\"width\":96,\"height\":96,\"caption\":\"Llunik\"}},{\"@type\":\"WebPage\",\"@id\":\"https:\\\/\\\/labenefica.org\\\/ast\\\/participa-nel-barullu-taller-de-radio-abiertu\\\/#webpage\",\"url\":\"https:\\\/\\\/labenefica.org\\\/ast\\\/participa-nel-barullu-taller-de-radio-abiertu\\\/\",\"name\":\"Participa nel Barullu: Taller de radio abiertu | La Ben\\u00e9fica de Pilo\\u00f1a\",\"description\":\"INFO PR\\u00c1CTICA > Fecha: S\\u00e1badu 26 de >setiembre > Hora: De 11h a 14h > lLugar: Chigre La Mal\\u00e9fica> De baldre con inscripci\\u00f3n Arrancamos esti setiembre y principiu de cursu con nuevos escomienzos de la nuestra radio. Depu\\u00e9s d\\u2019un a\\u00f1u de proyectos art\\u00edsticos de radio n\\u2019escueles y institutos, residencies de podcast pa la moced\\u00e1, talleres\",\"inLanguage\":\"ast-ES\",\"isPartOf\":{\"@id\":\"https:\\\/\\\/labenefica.org\\\/ast\\\/#website\"},\"breadcrumb\":{\"@id\":\"https:\\\/\\\/labenefica.org\\\/ast\\\/participa-nel-barullu-taller-de-radio-abiertu\\\/#breadcrumblist\"},\"author\":{\"@id\":\"https:\\\/\\\/labenefica.org\\\/ast\\\/author\\\/llunik\\\/#author\"},\"creator\":{\"@id\":\"https:\\\/\\\/labenefica.org\\\/ast\\\/author\\\/llunik\\\/#author\"},\"image\":{\"@type\":\"ImageObject\",\"url\":\"https:\\\/\\\/labenefica.org\\\/wp-content\\\/uploads\\\/2026\\\/09\\\/Taller-Radio-IG-Story.jpg\",\"@id\":\"https:\\\/\\\/labenefica.org\\\/ast\\\/participa-nel-barullu-taller-de-radio-abiertu\\\/#mainImage\",\"width\":1080,\"height\":1920},\"primaryImageOfPage\":{\"@id\":\"https:\\\/\\\/labenefica.org\\\/ast\\\/participa-nel-barullu-taller-de-radio-abiertu\\\/#mainImage\"},\"datePublished\":\"2026-09-01T09:30:02+02:00\",\"dateModified\":\"2026-08-26T09:13:06+02:00\"},{\"@type\":\"WebSite\",\"@id\":\"https:\\\/\\\/labenefica.org\\\/ast\\\/#website\",\"url\":\"https:\\\/\\\/labenefica.org\\\/ast\\\/\",\"name\":\"La Ben\\u00e9fica de Pilo\\u00f1a\",\"description\":\"Espaciu Cultural\",\"inLanguage\":\"ast-ES\",\"publisher\":{\"@id\":\"https:\\\/\\\/labenefica.org\\\/ast\\\/#organization\"}}]}\n\t\t<\/script>\n\t\t<!-- All in One SEO -->\n\n","aioseo_head_json":{"title":"Participa nel Barullu: Taller de radio abiertu | La Ben\u00e9fica de Pilo\u00f1a","description":"INFO PR\u00c1CTICA > Fecha: S\u00e1badu 26 de >setiembre > Hora: De 11h a 14h > lLugar: Chigre La Mal\u00e9fica> De baldre con inscripci\u00f3n Arrancamos esti setiembre y principiu de cursu con nuevos escomienzos de la nuestra radio. Depu\u00e9s d\u2019un a\u00f1u de proyectos art\u00edsticos de radio n\u2019escueles y institutos, residencies de podcast pa la moced\u00e1, talleres","canonical_url":"https:\/\/labenefica.org\/ast\/participa-nel-barullu-taller-de-radio-abiertu\/","robots":"max-image-preview:large","keywords":"","webmasterTools":{"miscellaneous":""},"schema":{"@context":"https:\/\/schema.org","@graph":[{"@type":"BlogPosting","@id":"https:\/\/labenefica.org\/ast\/participa-nel-barullu-taller-de-radio-abiertu\/#blogposting","name":"Participa nel Barullu: Taller de radio abiertu | La Ben\u00e9fica de Pilo\u00f1a","headline":"Participa nel Barullu: Taller de radio abiertu","author":{"@id":"https:\/\/labenefica.org\/ast\/author\/llunik\/#author"},"publisher":{"@id":"https:\/\/labenefica.org\/ast\/#organization"},"image":{"@type":"ImageObject","url":"https:\/\/labenefica.org\/wp-content\/uploads\/2026\/09\/Taller-Radio-IG-Story.jpg","width":1080,"height":1920},"datePublished":"2026-09-01T09:30:02+02:00","dateModified":"2026-08-26T09:13:06+02:00","inLanguage":"ast-ES","mainEntityOfPage":{"@id":"https:\/\/labenefica.org\/ast\/participa-nel-barullu-taller-de-radio-abiertu\/#webpage"},"isPartOf":{"@id":"https:\/\/labenefica.org\/ast\/participa-nel-barullu-taller-de-radio-abiertu\/#webpage"},"articleSection":"Colaboraciones, Noticias, Programaci\u00f3n cultural, Proyectos de mediaci\u00f3n, Optional"},{"@type":"BreadcrumbList","@id":"https:\/\/labenefica.org\/ast\/participa-nel-barullu-taller-de-radio-abiertu\/#breadcrumblist","itemListElement":[{"@type":"ListItem","@id":"https:\/\/labenefica.org\/ast\/#listItem","position":1,"name":"Inicio","item":"https:\/\/labenefica.org\/ast\/","nextItem":{"@type":"ListItem","@id":"https:\/\/labenefica.org\/ast\/category\/collaboraciones\/#listItem","name":"Collaboraciones"}},{"@type":"ListItem","@id":"https:\/\/labenefica.org\/ast\/category\/collaboraciones\/#listItem","position":2,"name":"Collaboraciones","item":"https:\/\/labenefica.org\/ast\/category\/collaboraciones\/","nextItem":{"@type":"ListItem","@id":"https:\/\/labenefica.org\/ast\/participa-nel-barullu-taller-de-radio-abiertu\/#listItem","name":"Participa nel Barullu: Taller de radio abiertu"},"previousItem":{"@type":"ListItem","@id":"https:\/\/labenefica.org\/ast\/#listItem","name":"Inicio"}},{"@type":"ListItem","@id":"https:\/\/labenefica.org\/ast\/participa-nel-barullu-taller-de-radio-abiertu\/#listItem","position":3,"name":"Participa nel Barullu: Taller de radio abiertu","previousItem":{"@type":"ListItem","@id":"https:\/\/labenefica.org\/ast\/category\/collaboraciones\/#listItem","name":"Collaboraciones"}}]},{"@type":"Organization","@id":"https:\/\/labenefica.org\/ast\/#organization","name":"La Ben\u00e9fica de Pilo\u00f1a","description":"Espaciu Cultural","url":"https:\/\/labenefica.org\/ast\/","sameAs":["https:\/\/www.facebook.com\/labeneficadepilona","https:\/\/www.instagram.com\/la_benefica_pilona\/"]},{"@type":"Person","@id":"https:\/\/labenefica.org\/ast\/author\/llunik\/#author","url":"https:\/\/labenefica.org\/ast\/author\/llunik\/","name":"Llunik","image":{"@type":"ImageObject","@id":"https:\/\/labenefica.org\/ast\/participa-nel-barullu-taller-de-radio-abiertu\/#authorImage","url":"https:\/\/secure.gravatar.com\/avatar\/260a75dfa406f4242668161e429de4ca053f2c5aa34ac0fd43992746193c32f3?s=96&d=mm&r=g","width":96,"height":96,"caption":"Llunik"}},{"@type":"WebPage","@id":"https:\/\/labenefica.org\/ast\/participa-nel-barullu-taller-de-radio-abiertu\/#webpage","url":"https:\/\/labenefica.org\/ast\/participa-nel-barullu-taller-de-radio-abiertu\/","name":"Participa nel Barullu: Taller de radio abiertu | La Ben\u00e9fica de Pilo\u00f1a","description":"INFO PR\u00c1CTICA > Fecha: S\u00e1badu 26 de >setiembre > Hora: De 11h a 14h > lLugar: Chigre La Mal\u00e9fica> De baldre con inscripci\u00f3n Arrancamos esti setiembre y principiu de cursu con nuevos escomienzos de la nuestra radio. Depu\u00e9s d\u2019un a\u00f1u de proyectos art\u00edsticos de radio n\u2019escueles y institutos, residencies de podcast pa la moced\u00e1, talleres","inLanguage":"ast-ES","isPartOf":{"@id":"https:\/\/labenefica.org\/ast\/#website"},"breadcrumb":{"@id":"https:\/\/labenefica.org\/ast\/participa-nel-barullu-taller-de-radio-abiertu\/#breadcrumblist"},"author":{"@id":"https:\/\/labenefica.org\/ast\/author\/llunik\/#author"},"creator":{"@id":"https:\/\/labenefica.org\/ast\/author\/llunik\/#author"},"image":{"@type":"ImageObject","url":"https:\/\/labenefica.org\/wp-content\/uploads\/2026\/09\/Taller-Radio-IG-Story.jpg","@id":"https:\/\/labenefica.org\/ast\/participa-nel-barullu-taller-de-radio-abiertu\/#mainImage","width":1080,"height":1920},"primaryImageOfPage":{"@id":"https:\/\/labenefica.org\/ast\/participa-nel-barullu-taller-de-radio-abiertu\/#mainImage"},"datePublished":"2026-09-01T09:30:02+02:00","dateModified":"2026-08-26T09:13:06+02:00"},{"@type":"WebSite","@id":"https:\/\/labenefica.org\/ast\/#website","url":"https:\/\/labenefica.org\/ast\/","name":"La Ben\u00e9fica de Pilo\u00f1a","description":"Espaciu Cultural","inLanguage":"ast-ES","publisher":{"@id":"https:\/\/labenefica.org\/ast\/#organization"}}]},"og:locale":"en_US","og:site_name":"La Ben\u00e9fica de Pilo\u00f1a | Espaciu Cultural","og:type":"article","og:title":"Participa nel Barullu: Taller de radio abiertu | La Ben\u00e9fica de Pilo\u00f1a","og:description":"INFO PR\u00c1CTICA &gt; Fecha: S\u00e1badu 26 de &gt;setiembre &gt; Hora: De 11h a 14h &gt; lLugar: Chigre La Mal\u00e9fica&gt; De baldre con inscripci\u00f3n Arrancamos esti setiembre y principiu de cursu con nuevos escomienzos de la nuestra radio. Depu\u00e9s d\u2019un a\u00f1u de proyectos art\u00edsticos de radio n\u2019escueles y institutos, residencies de podcast pa la moced\u00e1, talleres","og:url":"https:\/\/labenefica.org\/ast\/participa-nel-barullu-taller-de-radio-abiertu\/","og:image":"https:\/\/labenefica.org\/wp-content\/uploads\/2026\/09\/Taller-Radio-IG-Story.jpg","og:image:secure_url":"https:\/\/labenefica.org\/wp-content\/uploads\/2026\/09\/Taller-Radio-IG-Story.jpg","og:image:width":1080,"og:image:height":1920,"article:published_time":"2026-09-01T07:30:02+00:00","article:modified_time":"2026-08-26T07:13:06+00:00","article:publisher":"https:\/\/www.facebook.com\/labeneficadepilona","twitter:card":"summary","twitter:title":"Participa nel Barullu: Taller de radio abiertu | La Ben\u00e9fica de Pilo\u00f1a","twitter:description":"INFO PR\u00c1CTICA &gt; Fecha: S\u00e1badu 26 de &gt;setiembre &gt; Hora: De 11h a 14h &gt; lLugar: Chigre La Mal\u00e9fica&gt; De baldre con inscripci\u00f3n Arrancamos esti setiembre y principiu de cursu con nuevos escomienzos de la nuestra radio. Depu\u00e9s d\u2019un a\u00f1u de proyectos art\u00edsticos de radio n\u2019escueles y institutos, residencies de podcast pa la moced\u00e1, talleres","twitter:image":"https:\/\/labenefica.org\/wp-content\/uploads\/2026\/09\/Taller-Radio-IG-Story.jpg"},"aioseo_meta_data":{"post_id":"20997","title":null,"description":null,"keywords":null,"keyphrases":{"focus":{"keyphrase":"","score":0,"analysis":{"keyphraseInTitle":{"score":0,"maxScore":9,"error":1}}},"additional":[]},"primary_term":null,"canonical_url":null,"og_title":null,"og_description":null,"og_object_type":"default","og_image_type":"default","og_image_url":null,"og_image_width":null,"og_image_height":null,"og_image_custom_url":null,"og_image_custom_fields":null,"og_video":"","og_custom_url":null,"og_article_section":null,"og_article_tags":null,"twitter_use_og":false,"twitter_card":"default","twitter_image_type":"default","twitter_image_url":null,"twitter_image_custom_url":null,"twitter_image_custom_fields":null,"twitter_title":null,"twitter_description":null,"schema":{"blockGraphs":[],"customGraphs":[],"default":{"data":{"Article":{"id":"aioseo-article-6373c823b29be","slug":"article","graphName":"Article","label":"Art\u00edculo","properties":{"type":"BlogPosting","name":"#post_title","headline":"#post_title","description":"#post_excerpt","image":"","keywords":"","author":{"name":"#author_name","url":"#author_url"},"dates":{"include":true,"datePublished":"","dateModified":""}}},"Course":[],"Dataset":[],"FAQPage":[],"Movie":[],"Person":[],"Product":[],"ProductReview":[],"Car":[],"Recipe":[],"Service":[],"SoftwareApplication":[],"WebPage":[]},"graphName":"BlogPosting","isEnabled":true},"graphs":[]},"schema_type":"default","schema_type_options":"{\"article\":{\"articleType\":\"BlogPosting\"},\"course\":{\"name\":\"\",\"description\":\"\",\"provider\":\"\"},\"faq\":{\"pages\":[]},\"product\":{\"reviews\":[]},\"recipe\":{\"ingredients\":[],\"instructions\":[],\"keywords\":[]},\"software\":{\"reviews\":[],\"operatingSystems\":[]},\"webPage\":{\"webPageType\":\"WebPage\"}}","pillar_content":false,"robots_default":true,"robots_noindex":false,"robots_noarchive":false,"robots_nosnippet":false,"robots_nofollow":false,"robots_noimageindex":false,"robots_noodp":false,"robots_notranslate":false,"robots_max_snippet":"-1","robots_max_videopreview":"-1","robots_max_imagepreview":"large","priority":null,"frequency":"default","local_seo":null,"breadcrumb_settings":null,"limit_modified_date":false,"ai":{"faqs":[],"keyPoints":[],"schemas":[],"titles":[],"descriptions":[],"socialPosts":{"email":{"subject":"","preview":"","content":""},"linkedin":[],"twitter":[],"facebook":[],"instagram":[]}},"created":"2026-08-26 06:38:04","updated":"2026-09-01 07:35:03","seo_analyzer_scan_date":null,"focus_keyword":null,"additional_keywords":null,"truseo_locale":null},"aioseo_breadcrumb":"<div class=\"aioseo-breadcrumbs\"><span class=\"aioseo-breadcrumb\">\n\t\t\t<a href=\"https:\/\/labenefica.org\/ast\/\" title=\"Inicio\">Inicio<\/a>\n\t\t<\/span><span class=\"aioseo-breadcrumb-separator\">&raquo;<\/span><span class=\"aioseo-breadcrumb\">\n\t\t\t<a href=\"https:\/\/labenefica.org\/ast\/category\/collaboraciones\/\" title=\"Collaboraciones\">Collaboraciones<\/a>\n\t\t<\/span><span class=\"aioseo-breadcrumb-separator\">&raquo;<\/span><span class=\"aioseo-breadcrumb\">\n\t\t\tParticipa nel Barullu: Taller de radio abiertu\n\t\t<\/span><\/div>","aioseo_breadcrumb_json":[{"label":"Inicio","link":"https:\/\/labenefica.org\/ast\/"},{"label":"Collaboraciones","link":"https:\/\/labenefica.org\/ast\/category\/collaboraciones\/"},{"label":"Participa nel Barullu: Taller de radio abiertu","link":"https:\/\/labenefica.org\/ast\/participa-nel-barullu-taller-de-radio-abiertu\/"}],"_links":{"self":[{"href":"https:\/\/labenefica.org\/ast\/wp-json\/wp\/v2\/posts\/20997","targetHints":{"allow":["GET"]}}],"collection":[{"href":"https:\/\/labenefica.org\/ast\/wp-json\/wp\/v2\/posts"}],"about":[{"href":"https:\/\/labenefica.org\/ast\/wp-json\/wp\/v2\/types\/post"}],"author":[{"embeddable":true,"href":"https:\/\/labenefica.org\/ast\/wp-json\/wp\/v2\/users\/1"}],"replies":[{"embeddable":true,"href":"https:\/\/labenefica.org\/ast\/wp-json\/wp\/v2\/comments?post=20997"}],"version-history":[{"count":3,"href":"https:\/\/labenefica.org\/ast\/wp-json\/wp\/v2\/posts\/20997\/revisions"}],"predecessor-version":[{"id":21008,"href":"https:\/\/labenefica.org\/ast\/wp-json\/wp\/v2\/posts\/20997\/revisions\/21008"}],"wp:featuredmedia":[{"embeddable":true,"href":"https:\/\/labenefica.org\/ast\/wp-json\/wp\/v2\/media\/21004"}],"wp:attachment":[{"href":"https:\/\/labenefica.org\/ast\/wp-json\/wp\/v2\/media?parent=20997"}],"wp:term":[{"taxonomy":"category","embeddable":true,"href":"https:\/\/labenefica.org\/ast\/wp-json\/wp\/v2\/categories?post=20997"},{"taxonomy":"post_tag","embeddable":true,"href":"https:\/\/labenefica.org\/ast\/wp-json\/wp\/v2\/tags?post=20997"}],"curies":[{"name":"wp","href":"https:\/\/api.w.org\/{rel}","templated":true}]}}