{"id":20852,"date":"2026-08-14T15:00:00","date_gmt":"2026-08-14T13:00:00","guid":{"rendered":"https:\/\/labenefica.org\/?p=20852"},"modified":"2026-08-27T18:27:18","modified_gmt":"2026-08-27T16:27:18","slug":"muestra-de-cine-en-pilona-la-benefilmica","status":"publish","type":"post","link":"https:\/\/labenefica.org\/ast\/muestra-de-cine-en-pilona-la-benefilmica\/","title":{"rendered":"Muestra de cine en Pilo\u00f1a: La Benef\u00edlmica"},"content":{"rendered":"\t\t<div data-elementor-type=\"wp-post\" data-elementor-id=\"20852\" class=\"elementor elementor-20852 elementor-20851\" data-elementor-post-type=\"post\">\n\t\t\t\t\t\t<section class=\"elementor-section elementor-top-section elementor-element elementor-element-1ed8f21 elementor-section-content-top elementor-reverse-tablet elementor-reverse-mobile elementor-section-boxed elementor-section-height-default elementor-section-height-default qodef-elementor-content-no\" data-id=\"1ed8f21\" data-element_type=\"section\" data-e-type=\"section\">\n\t\t\t\t\t\t<div class=\"elementor-container elementor-column-gap-default\">\n\t\t\t\t\t<div class=\"elementor-column elementor-col-50 elementor-top-column elementor-element elementor-element-26e01cf\" data-id=\"26e01cf\" data-element_type=\"column\" data-e-type=\"column\">\n\t\t\t<div class=\"elementor-widget-wrap elementor-element-populated\">\n\t\t\t\t\t\t<div class=\"elementor-element elementor-element-8c42348 elementor-widget elementor-widget-image\" data-id=\"8c42348\" data-element_type=\"widget\" data-e-type=\"widget\" data-widget_type=\"image.default\">\n\t\t\t\t<div class=\"elementor-widget-container\">\n\t\t\t\t\t\t\t\t\t\t\t\t\t\t\t<img fetchpriority=\"high\" decoding=\"async\" width=\"1080\" height=\"1920\" src=\"https:\/\/labenefica.org\/wp-content\/uploads\/2026\/08\/00-Benefilmica-IG-Story.jpg\" class=\"attachment-full size-full wp-image-20895\" alt=\"\" srcset=\"https:\/\/labenefica.org\/wp-content\/uploads\/2026\/08\/00-Benefilmica-IG-Story.jpg 1080w, https:\/\/labenefica.org\/wp-content\/uploads\/2026\/08\/00-Benefilmica-IG-Story-169x300.jpg 169w, https:\/\/labenefica.org\/wp-content\/uploads\/2026\/08\/00-Benefilmica-IG-Story-576x1024.jpg 576w, https:\/\/labenefica.org\/wp-content\/uploads\/2026\/08\/00-Benefilmica-IG-Story-768x1365.jpg 768w, https:\/\/labenefica.org\/wp-content\/uploads\/2026\/08\/00-Benefilmica-IG-Story-864x1536.jpg 864w, https:\/\/labenefica.org\/wp-content\/uploads\/2026\/08\/00-Benefilmica-IG-Story-1000x1778.jpg 1000w\" sizes=\"(max-width: 1080px) 100vw, 1080px\" \/>\t\t\t\t\t\t\t\t\t\t\t\t\t\t\t<\/div>\n\t\t\t\t<\/div>\n\t\t\t\t\t<\/div>\n\t\t<\/div>\n\t\t\t\t<div class=\"elementor-column elementor-col-50 elementor-top-column elementor-element elementor-element-471b818\" data-id=\"471b818\" data-element_type=\"column\" data-e-type=\"column\">\n\t\t\t<div class=\"elementor-widget-wrap elementor-element-populated\">\n\t\t\t\t\t\t<div class=\"elementor-element elementor-element-e878d75 elementor-widget elementor-widget-text-editor\" data-id=\"e878d75\" data-element_type=\"widget\" data-e-type=\"widget\" data-widget_type=\"text-editor.default\">\n\t\t\t\t<div class=\"elementor-widget-container\">\n\t\t\t\t\t\t\t\t\t<p><span style=\"font-weight: 400;\">Esti setiembre llega a Pilo\u00f1a una iniciativa cultural que naz de dientro: un grupu de vecines y vecinos del conceyu, profesionales del cine n&#8217;activu, xunt\u00e1ronse pa pensar y organizar esta primer<\/span> <b>Muestra de cine.<\/b> Una propuesta cinematogr\u00e1fica que se piensa, se curia y se calti\u00e9n dende&#8217;l propiu territoriu, col mesmu esp\u00edritu d&#8217;alcuentru y sofitu mutuu que dio orixe al edificiu de La Ben\u00e9fica nel 1926.<\/p><p><b>La Benef\u00edlmica<\/b> <span style=\"font-weight: 400;\">ye&#8217;l nome qu&#8217;engloba, d&#8217;equ\u00ed p&#8217;alantre, toles actividaes de cine de La Ben\u00e9fica, y esta muestra de setiembre ye la primer gran cita.<\/span><\/p><p><span style=\"font-weight: 400;\">A lo llargo de tres xornaes \u20144, 5 y 6 de setiembre\u2014, la muestra articula un alcuentru que viaxa al travi\u00e9s del cine, la memoria y el territoriu. Cada xornada combina una sesi\u00f3n nel interior del teatru de La Ben\u00e9fica, en L&#8217;Infiestu, con otra itinerante y esterior, que se desplaza a los praos de dellos pueblos pilo\u00f1eses, averando&#8217;l cine d&#8217;autor y de branu a quien nun suel tener una gran pantalla cerca de casa. Esto ye posible gracies a la collaboraci\u00f3n<\/span> con <a href=\"https:\/\/muchofoco.com\/rural\/estamos-de-cine\/\"><b>Estamos de Cine,<\/b><\/a> <span style=\"font-weight: 400;\">el serviciu de cine itinerante de <\/span><b>Mucho Foco en lo Rural<\/b><span style=\"font-weight: 400;\">, que pon a disposici\u00f3n tanto una gran pantalla profesional como&#8217;l son\u00edu y equipu t\u00e9cnicu necesarios.<\/span><\/p><p>La Benef\u00edlmica tami\u00e9n fortalez llazos col tex\u00edu asociativu del territoriu: per un llau cola Plataforma Salvemos Pe\u00f1amayor, con quien compartimos una sesi\u00f3n especial o activid\u00e1 perif\u00e9rica sobre lluches pol territoriu; y con Borines Manantial de Cultura, con quien organizamos una xornada de curtiumetraxes y una visita a la esposici\u00f3n y merc\u00e1u d\u2019arte \u201cArtistes Ben\u00e9ficos\u201d nel so \u00faltimu fin de selmana.<\/p><p><span style=\"font-weight: 400;\">Y porque la cultura ye un derechu, non un luxu, toles sesiones funcionen con taquilla inversa: paga lo que consideres xusto o lo que puedas. Asina garantizamos que la muestra se caltenga econ\u00f3micamente y, al empar, que neng\u00fan bolsu quede fuera.<\/span><\/p>\t\t\t\t\t\t\t\t<\/div>\n\t\t\t\t<\/div>\n\t\t\t\t\t<\/div>\n\t\t<\/div>\n\t\t\t\t\t<\/div>\n\t\t<\/section>\n\t\t\t\t<section class=\"elementor-section elementor-top-section elementor-element elementor-element-41153f5 elementor-section-boxed elementor-section-height-default elementor-section-height-default qodef-elementor-content-no\" data-id=\"41153f5\" data-element_type=\"section\" data-e-type=\"section\" data-settings=\"{&quot;background_background&quot;:&quot;classic&quot;}\">\n\t\t\t\t\t\t<div class=\"elementor-container elementor-column-gap-default\">\n\t\t\t\t\t<div class=\"elementor-column elementor-col-100 elementor-top-column elementor-element elementor-element-81db642\" data-id=\"81db642\" data-element_type=\"column\" data-e-type=\"column\">\n\t\t\t<div class=\"elementor-widget-wrap elementor-element-populated\">\n\t\t\t\t\t\t<div class=\"elementor-element elementor-element-8be55e6 elementor-widget elementor-widget-heading\" data-id=\"8be55e6\" data-element_type=\"widget\" data-e-type=\"widget\" data-widget_type=\"heading.default\">\n\t\t\t\t<div class=\"elementor-widget-container\">\n\t\t\t\t\t<h2 class=\"elementor-heading-title elementor-size-default\">Informaci\u00f3n pr\u00e1ctica<\/h2>\t\t\t\t<\/div>\n\t\t\t\t<\/div>\n\t\t\t\t<section class=\"elementor-section elementor-inner-section elementor-element elementor-element-6435ffd elementor-section-boxed elementor-section-height-default elementor-section-height-default qodef-elementor-content-no\" data-id=\"6435ffd\" data-element_type=\"section\" data-e-type=\"section\">\n\t\t\t\t\t\t<div class=\"elementor-container elementor-column-gap-default\">\n\t\t\t\t\t<div class=\"elementor-column elementor-col-50 elementor-inner-column elementor-element elementor-element-1b4e9ba\" data-id=\"1b4e9ba\" data-element_type=\"column\" data-e-type=\"column\">\n\t\t\t<div class=\"elementor-widget-wrap elementor-element-populated\">\n\t\t\t\t\t\t<div class=\"elementor-element elementor-element-4f560b7 elementor-widget elementor-widget-text-editor\" data-id=\"4f560b7\" data-element_type=\"widget\" data-e-type=\"widget\" data-widget_type=\"text-editor.default\">\n\t\t\t\t<div class=\"elementor-widget-container\">\n\t\t\t\t\t\t\t\t\t<p><b>Feches:<\/b><\/p><p><span style=\"font-weight: 400;\">Muestra de cine: 4, 5 y 6 de setiembre del 2026<\/span><\/p><p><span style=\"font-weight: 400;\">Actividaes perif\u00e9riques: 1 y el 5 de setiembre del 2026<\/span><\/p><p><b>Allugamientos:<\/b><\/p><p><span style=\"font-weight: 400;\">Sesiones interiores na sala Teatru de La Ben\u00e9fica en L&#8217;Infiestu<\/span><\/p> <p><span style=\"font-weight: 400;\">Sesiones itinerantes al aire llibre:<\/span><span style=\"color: #d02926;\"><a style=\"color: #d02926;\" href=\"https:\/\/maps.app.goo.gl\/eyU4n8zogHirtVa3A\"><span style=\"font-weight: 400;\">prau La Meredal (Bar-tienda, Maribel) de Vegarrionda<\/span><\/a><span style=\"font-weight: 400;\">y<\/span><a style=\"color: #d02926;\" href=\"https:\/\/maps.app.goo.gl\/vGCNt697zYjuqMZh8\"><span style=\"font-weight: 400;\">prau El Pielgu (Donde la fiesta, Antrialgo<\/span><\/a><span style=\"font-weight: 400;\">).<\/span><\/span><\/p><p><span style=\"font-weight: 400;\">Actividades perif\u00e9riques:<\/span><span style=\"color: #d02926;\"><a style=\"color: #d02926;\" href=\"https:\/\/maps.app.goo.gl\/q7goBFSYLJXNhWD86\"><span style=\"font-weight: 400;\">Antiguo Balneario de Borines<\/span><\/a><span style=\"font-weight: 400;\">y<\/span><a style=\"color: #d02926;\" href=\"https:\/\/maps.app.goo.gl\/YZiJ3LMgRWggc5fg6\"><span style=\"font-weight: 400;\">\u00c1rea recreativa de La Cueva<\/span><\/a><\/span> <\/p>\t\t\t\t\t\t\t\t<\/div>\n\t\t\t\t<\/div>\n\t\t\t\t\t<\/div>\n\t\t<\/div>\n\t\t\t\t<div class=\"elementor-column elementor-col-50 elementor-inner-column elementor-element elementor-element-bc52563\" data-id=\"bc52563\" data-element_type=\"column\" data-e-type=\"column\">\n\t\t\t<div class=\"elementor-widget-wrap elementor-element-populated\">\n\t\t\t\t\t\t<div class=\"elementor-element elementor-element-9a3d0a7 elementor-widget elementor-widget-text-editor\" data-id=\"9a3d0a7\" data-element_type=\"widget\" data-e-type=\"widget\" data-widget_type=\"text-editor.default\">\n\t\t\t\t<div class=\"elementor-widget-container\">\n\t\t\t\t\t\t\t\t\t<p><b style=\"font-size: inherit; font-style: inherit; letter-spacing: inherit; text-transform: inherit;\">Taquilla inversa:<\/b><span style=\"font-size: inherit; font-style: inherit; letter-spacing: inherit; text-transform: inherit;\">el preciu de la entrada ye llibre, a volunt\u00e1 de cada persona asistente.<\/span><\/p><p><b>Aforu llend\u00e1u:<\/b><span style=\"font-weight: 400;\">l&#8217;aforu de cada sesi\u00f3n ta llend\u00e1u al n\u00famberu de sielles disponibles.<\/span><\/p><p><b>\u00a1Trae la siella!:<\/b><span style=\"font-weight: 400;\">nes sesiones itinerantes nos pueblos, cada asistente tien de trayer la so propia siella, y\u00e1 que&#8217;l festival nun disp\u00f3n de sielles pal p\u00fablicu nestes llocalizaciones..<\/span><\/p>\t\t\t\t\t\t\t\t<\/div>\n\t\t\t\t<\/div>\n\t\t\t\t\t<\/div>\n\t\t<\/div>\n\t\t\t\t\t<\/div>\n\t\t<\/section>\n\t\t\t\t\t<\/div>\n\t\t<\/div>\n\t\t\t\t\t<\/div>\n\t\t<\/section>\n\t\t\t\t<section class=\"elementor-section elementor-top-section elementor-element elementor-element-e4a38a7 elementor-section-boxed elementor-section-height-default elementor-section-height-default qodef-elementor-content-no\" data-id=\"e4a38a7\" data-element_type=\"section\" data-e-type=\"section\">\n\t\t\t\t\t\t<div class=\"elementor-container elementor-column-gap-default\">\n\t\t\t\t\t<div class=\"elementor-column elementor-col-100 elementor-top-column elementor-element elementor-element-340721b\" data-id=\"340721b\" data-element_type=\"column\" data-e-type=\"column\">\n\t\t\t<div class=\"elementor-widget-wrap elementor-element-populated\">\n\t\t\t\t\t\t<div class=\"elementor-element elementor-element-b221fee elementor-widget-divider--separator-type-pattern elementor-widget-divider--view-line elementor-widget elementor-widget-divider\" data-id=\"b221fee\" data-element_type=\"widget\" data-e-type=\"widget\" data-widget_type=\"divider.default\">\n\t\t\t\t<div class=\"elementor-widget-container\">\n\t\t\t\t\t\t\t<div class=\"elementor-divider\" style=\"--divider-pattern-url: url(&quot;data:image\/svg+xml,%3Csvg xmlns=&#039;http:\/\/www.w3.org\/2000\/svg&#039; preserveAspectRatio=&#039;none&#039; overflow=&#039;visible&#039; height=&#039;100%&#039; viewBox=&#039;0 0 20 16&#039; fill=&#039;none&#039; stroke=&#039;black&#039; stroke-width=&#039;1&#039; stroke-linecap=&#039;square&#039; stroke-miterlimit=&#039;10&#039;%3E%3Cg transform=&#039;translate(-12.000000, 0)&#039;%3E%3Cpath d=&#039;M28,0L10,18&#039;\/%3E%3Cpath d=&#039;M18,0L0,18&#039;\/%3E%3Cpath d=&#039;M48,0L30,18&#039;\/%3E%3Cpath d=&#039;M38,0L20,18&#039;\/%3E%3C\/g%3E%3C\/svg%3E&quot;);\">\n\t\t\t<span class=\"elementor-divider-separator\">\n\t\t\t\t\t\t<\/span>\n\t\t<\/div>\n\t\t\t\t\t\t<\/div>\n\t\t\t\t<\/div>\n\t\t\t\t<div class=\"elementor-element elementor-element-fa03a8c elementor-widget elementor-widget-heading\" data-id=\"fa03a8c\" data-element_type=\"widget\" data-e-type=\"widget\" data-widget_type=\"heading.default\">\n\t\t\t\t<div class=\"elementor-widget-container\">\n\t\t\t\t\t<h2 class=\"elementor-heading-title elementor-size-default\">D\u00cdA UNO<br \/>Un viaxe universal<\/h2>\t\t\t\t<\/div>\n\t\t\t\t<\/div>\n\t\t\t\t<div class=\"elementor-element elementor-element-ffbdfad elementor-widget elementor-widget-text-editor\" data-id=\"ffbdfad\" data-element_type=\"widget\" data-e-type=\"widget\" data-widget_type=\"text-editor.default\">\n\t\t\t\t<div class=\"elementor-widget-container\">\n\t\t\t\t\t\t\t\t\t<p><i><span style=\"font-weight: 400;\">&#8220;El Cosmos es todo lo que es, o lo que fue, o lo que ser\u00e1 alguna vez.\u201d (Carl Sagan)<\/span><\/i><\/p><p><span style=\"font-weight: 400;\">Pa la primer xornada de la muestra, proponemos un viaxe f\u00edlmicu al travi\u00e9s del espaciu y el tiempu. Dende la oriella del oc\u00e9anu c\u00f3smicu percorreremos llugares estra\u00f1os, fermosos y desolaos; llugares que superen la nuestra comprensi\u00f3n y nos inviten a averanos al m\u00e1s grande de los misterios. <\/span><\/p>\t\t\t\t\t\t\t\t<\/div>\n\t\t\t\t<\/div>\n\t\t\t\t<div class=\"elementor-element elementor-element-9edacd2 elementor-widget elementor-widget-heading\" data-id=\"9edacd2\" data-element_type=\"widget\" data-e-type=\"widget\" data-widget_type=\"heading.default\">\n\t\t\t\t<div class=\"elementor-widget-container\">\n\t\t\t\t\t<h5 class=\"elementor-heading-title elementor-size-default\">18.00 (puertes: 17.30), La Ben\u00e9fica de Pilo\u00f1a<\/h5>\t\t\t\t<\/div>\n\t\t\t\t<\/div>\n\t\t\t\t<div class=\"elementor-element elementor-element-eeb94c1 elementor-widget elementor-widget-heading\" data-id=\"eeb94c1\" data-element_type=\"widget\" data-e-type=\"widget\" data-widget_type=\"heading.default\">\n\t\t\t\t<div class=\"elementor-widget-container\">\n\t\t\t\t\t<h4 class=\"elementor-heading-title elementor-size-default\">Concierto de Bromo + Sorpresa<\/h4>\t\t\t\t<\/div>\n\t\t\t\t<\/div>\n\t\t\t\t<div class=\"elementor-element elementor-element-b730985 elementor-widget elementor-widget-text-editor\" data-id=\"b730985\" data-element_type=\"widget\" data-e-type=\"widget\" data-widget_type=\"text-editor.default\">\n\t\t\t\t<div class=\"elementor-widget-container\">\n\t\t\t\t\t\t\t\t\t<p><span style=\"font-weight: 400;\">La sesi\u00f3n inaugural de la Muestra ye un conciertu de Bromo, \u00fan de los proyectos m\u00e1s interesantes de la electr\u00f3nica audiovisual espa\u00f1ola, form\u00e1u en 2017 por Paloma Pe\u00f1arrubia, vecina de Pilo\u00f1a, xunto a Azael Ferrer. Una propuesta de m\u00fasica esperimental y arte xenerativu onde eclosionen son\u00edos contundentes, testures org\u00e1niques, paisaxes imposibles y naturaleces reinterpretaes.<\/span><\/p><p><span style=\"font-weight: 400;\">Presenten \u201cCRISPR the pattern of life\u201d, una propuesta de m\u00fasica esperimental y arte xenerativo onde eclosionen son\u00edos contundentes, textures org\u00e1niques y naturaleces reinterpretaes qu\u2019adientren al espectador pel universu de la biolox\u00eda sint\u00e9tica y la filosof\u00eda de la evoluci\u00f3n.<\/span><\/p><p>El directu va dir acompa\u00f1\u00e1u y xun\u00edu a una proyecci\u00f3n sorpresa, especialmente esbillada pa fundise cola propuesta art\u00edstica del duu audiovisual.<span style=\"font-weight: 400;\">Presentan \u201cCRISPR the pattern of life\u201d, una propuesta de m\u00fasica experimental y arte generativo donde eclosionan sonidos contundentes, texturas org\u00e1nicas y naturalezas reinterpretadas que adentran al espectador por el universo de la biolog\u00eda sint\u00e9tica y la filosof\u00eda de la evoluci\u00f3n.<\/span><\/p><p><b>Presenta<\/b><span style=\"font-weight: 400;\">: Paloma Pe\u00f1arrubia |<\/span><i style=\"font-size: inherit; font-weight: inherit; letter-spacing: inherit; text-transform: inherit;\">Sin coloquio<\/i><\/p>\t\t\t\t\t\t\t\t<\/div>\n\t\t\t\t<\/div>\n\t\t\t\t<div class=\"elementor-element elementor-element-19a6c45 elementor-widget elementor-widget-heading\" data-id=\"19a6c45\" data-element_type=\"widget\" data-e-type=\"widget\" data-widget_type=\"heading.default\">\n\t\t\t\t<div class=\"elementor-widget-container\">\n\t\t\t\t\t<h5 class=\"elementor-heading-title elementor-size-default\"><a href=\"https:\/\/maps.app.goo.gl\/eyU4n8zogHirtVa3A\">21.30, Prau La Meredal (Bar-tienda, Vegarrionda)<\/a><\/h5>\t\t\t\t<\/div>\n\t\t\t\t<\/div>\n\t\t\t\t<div class=\"elementor-element elementor-element-0edcbdb elementor-widget elementor-widget-heading\" data-id=\"0edcbdb\" data-element_type=\"widget\" data-e-type=\"widget\" data-widget_type=\"heading.default\">\n\t\t\t\t<div class=\"elementor-widget-container\">\n\t\t\t\t\t<h4 class=\"elementor-heading-title elementor-size-default\">La partitura del cosmos<\/h4>\t\t\t\t<\/div>\n\t\t\t\t<\/div>\n\t\t\t\t<div class=\"elementor-element elementor-element-a839f36 elementor-widget elementor-widget-heading\" data-id=\"a839f36\" data-element_type=\"widget\" data-e-type=\"widget\" data-widget_type=\"heading.default\">\n\t\t\t\t<div class=\"elementor-widget-container\">\n\t\t\t\t\t<h5 class=\"elementor-heading-title elementor-size-default\"><a href=\"https:\/\/maps.app.goo.gl\/eyU4n8zogHirtVa3A\">(Juanma V. Betancort, 2025)<\/a><\/h5>\t\t\t\t<\/div>\n\t\t\t\t<\/div>\n\t\t\t\t<div class=\"elementor-element elementor-element-b7973ba elementor-widget elementor-widget-text-editor\" data-id=\"b7973ba\" data-element_type=\"widget\" data-e-type=\"widget\" data-widget_type=\"text-editor.default\">\n\t\t\t\t<div class=\"elementor-widget-container\">\n\t\t\t\t\t\t\t\t\t<p><span style=\"font-weight: 400;\">Despidimos esta primera xornada con un fascinante documental musical y cient\u00edficu protagoniz\u00e1u pola pionera de la m\u00fasica electr\u00f3nica Suzanne Ciani. La pel\u00edcula viaxa al Institutu d&#8217;Astrof\u00edsica de Canaries pa esplorar un esperimentu tan po\u00e9ticu como real: la tresformaci\u00f3n de les vibraciones de les estrelles y les galaxes en m\u00fasica. Xunto a artistes como<\/span> <b>Midori Takada, Pierre Bastien, Suso Saiz o Paloma Pe\u00f1arrubia,<\/b><span style=\"font-weight: 400;\">la pel\u00edcula axunta po\u00e9ticamente disciplines como l&#8217;astronom\u00eda, el son\u00edu y la creaci\u00f3n contempor\u00e1nea.<\/span><br\/><br\/><b>Coloquiu con:<\/b><span style=\"font-weight: 400;\">Paloma Pe\u00f1arrubia (artista sonora) |<\/span><b>Presenta<\/b><span style=\"font-weight: 400;\">: Laura Lucio (Altekio S.Coop)<\/span><\/p><p><\/p>\t\t\t\t\t\t\t\t<\/div>\n\t\t\t\t<\/div>\n\t\t\t\t\t<\/div>\n\t\t<\/div>\n\t\t\t\t\t<\/div>\n\t\t<\/section>\n\t\t\t\t<section class=\"elementor-section elementor-top-section elementor-element elementor-element-f8ba836 elementor-section-boxed elementor-section-height-default elementor-section-height-default qodef-elementor-content-no\" data-id=\"f8ba836\" data-element_type=\"section\" data-e-type=\"section\">\n\t\t\t\t\t\t<div class=\"elementor-container elementor-column-gap-default\">\n\t\t\t\t\t<div class=\"elementor-column elementor-col-50 elementor-top-column elementor-element elementor-element-7861502\" data-id=\"7861502\" data-element_type=\"column\" data-e-type=\"column\">\n\t\t\t<div class=\"elementor-widget-wrap elementor-element-populated\">\n\t\t\t\t\t\t<div class=\"elementor-element elementor-element-2ed2af4 elementor-widget elementor-widget-image\" data-id=\"2ed2af4\" data-element_type=\"widget\" data-e-type=\"widget\" data-widget_type=\"image.default\">\n\t\t\t\t<div class=\"elementor-widget-container\">\n\t\t\t\t\t\t\t\t\t\t\t\t\t\t\t<img decoding=\"async\" width=\"554\" height=\"554\" src=\"https:\/\/labenefica.org\/wp-content\/uploads\/2026\/08\/1_BROMO-CONCIERTU.jpg\" class=\"attachment-qi_addons_for_elementor_image_size_landscape size-qi_addons_for_elementor_image_size_landscape wp-image-20896\" alt=\"\" srcset=\"https:\/\/labenefica.org\/wp-content\/uploads\/2026\/08\/1_BROMO-CONCIERTU.jpg 554w, https:\/\/labenefica.org\/wp-content\/uploads\/2026\/08\/1_BROMO-CONCIERTU-300x300.jpg 300w, https:\/\/labenefica.org\/wp-content\/uploads\/2026\/08\/1_BROMO-CONCIERTU-150x150.jpg 150w, https:\/\/labenefica.org\/wp-content\/uploads\/2026\/08\/1_BROMO-CONCIERTU-100x100.jpg 100w\" sizes=\"(max-width: 554px) 100vw, 554px\" \/>\t\t\t\t\t\t\t\t\t\t\t\t\t\t\t<\/div>\n\t\t\t\t<\/div>\n\t\t\t\t\t<\/div>\n\t\t<\/div>\n\t\t\t\t<div class=\"elementor-column elementor-col-50 elementor-top-column elementor-element elementor-element-c37df65\" data-id=\"c37df65\" data-element_type=\"column\" data-e-type=\"column\">\n\t\t\t<div class=\"elementor-widget-wrap elementor-element-populated\">\n\t\t\t\t\t\t<div class=\"elementor-element elementor-element-77240a5 elementor-widget elementor-widget-image\" data-id=\"77240a5\" data-element_type=\"widget\" data-e-type=\"widget\" data-widget_type=\"image.default\">\n\t\t\t\t<div class=\"elementor-widget-container\">\n\t\t\t\t\t\t\t\t\t\t\t\t\t\t\t<img decoding=\"async\" width=\"636\" height=\"900\" src=\"https:\/\/labenefica.org\/wp-content\/uploads\/2026\/08\/2_LA_PARTITURA_DEL_COSMOS_PROP_V09_ESP-636x900-1.jpg\" class=\"attachment-large size-large wp-image-20897\" alt=\"\" srcset=\"https:\/\/labenefica.org\/wp-content\/uploads\/2026\/08\/2_LA_PARTITURA_DEL_COSMOS_PROP_V09_ESP-636x900-1.jpg 636w, https:\/\/labenefica.org\/wp-content\/uploads\/2026\/08\/2_LA_PARTITURA_DEL_COSMOS_PROP_V09_ESP-636x900-1-212x300.jpg 212w\" sizes=\"(max-width: 636px) 100vw, 636px\" \/>\t\t\t\t\t\t\t\t\t\t\t\t\t\t\t<\/div>\n\t\t\t\t<\/div>\n\t\t\t\t\t<\/div>\n\t\t<\/div>\n\t\t\t\t\t<\/div>\n\t\t<\/section>\n\t\t\t\t<section class=\"elementor-section elementor-top-section elementor-element elementor-element-b21d21e elementor-section-boxed elementor-section-height-default elementor-section-height-default qodef-elementor-content-no\" data-id=\"b21d21e\" data-element_type=\"section\" data-e-type=\"section\">\n\t\t\t\t\t\t<div class=\"elementor-container elementor-column-gap-default\">\n\t\t\t\t\t<div class=\"elementor-column elementor-col-100 elementor-top-column elementor-element elementor-element-6a1d600\" data-id=\"6a1d600\" data-element_type=\"column\" data-e-type=\"column\">\n\t\t\t<div class=\"elementor-widget-wrap elementor-element-populated\">\n\t\t\t\t\t\t<div class=\"elementor-element elementor-element-7e01031 elementor-widget-divider--separator-type-pattern elementor-widget-divider--view-line elementor-widget elementor-widget-divider\" data-id=\"7e01031\" data-element_type=\"widget\" data-e-type=\"widget\" data-widget_type=\"divider.default\">\n\t\t\t\t<div class=\"elementor-widget-container\">\n\t\t\t\t\t\t\t<div class=\"elementor-divider\" style=\"--divider-pattern-url: url(&quot;data:image\/svg+xml,%3Csvg xmlns=&#039;http:\/\/www.w3.org\/2000\/svg&#039; preserveAspectRatio=&#039;none&#039; overflow=&#039;visible&#039; height=&#039;100%&#039; viewBox=&#039;0 0 20 16&#039; fill=&#039;none&#039; stroke=&#039;black&#039; stroke-width=&#039;1&#039; stroke-linecap=&#039;square&#039; stroke-miterlimit=&#039;10&#039;%3E%3Cg transform=&#039;translate(-12.000000, 0)&#039;%3E%3Cpath d=&#039;M28,0L10,18&#039;\/%3E%3Cpath d=&#039;M18,0L0,18&#039;\/%3E%3Cpath d=&#039;M48,0L30,18&#039;\/%3E%3Cpath d=&#039;M38,0L20,18&#039;\/%3E%3C\/g%3E%3C\/svg%3E&quot;);\">\n\t\t\t<span class=\"elementor-divider-separator\">\n\t\t\t\t\t\t<\/span>\n\t\t<\/div>\n\t\t\t\t\t\t<\/div>\n\t\t\t\t<\/div>\n\t\t\t\t<div class=\"elementor-element elementor-element-db80fc7 elementor-widget elementor-widget-heading\" data-id=\"db80fc7\" data-element_type=\"widget\" data-e-type=\"widget\" data-widget_type=\"heading.default\">\n\t\t\t\t<div class=\"elementor-widget-container\">\n\t\t\t\t\t<h2 class=\"elementor-heading-title elementor-size-default\">D\u00cdA dos<br \/>Un viaxe fer\u00edu<\/h2>\t\t\t\t<\/div>\n\t\t\t\t<\/div>\n\t\t\t\t<div class=\"elementor-element elementor-element-6504419 elementor-widget elementor-widget-text-editor\" data-id=\"6504419\" data-element_type=\"widget\" data-e-type=\"widget\" data-widget_type=\"text-editor.default\">\n\t\t\t\t<div class=\"elementor-widget-container\">\n\t\t\t\t\t\t\t\t\t<p><i><span style=\"font-weight: 400;\">\u201cUn pa\u00eds sin cine documental es como una familia sin \u00e1lbum de fotograf\u00edas\u201d (Patricio Guzm\u00e1n)<\/span><\/i><\/p><p><span style=\"font-weight: 400;\">Nel ecuador de la muestra, el viaxe torna y ad\u00e9ntrase nel nuestru fr\u00e1xil<\/span><span style=\"font-weight: 400;\">mundu al travi\u00e9s de les grietes que dex\u00f3 abiertes la represi\u00f3n franquista. Llugares de llucha, d&#8217;ausencia, de derrota y de llargu silenciu que vuelven a mirase, col des\u00e9u de caltener viva la memoria y construyir puentes p\u2019hacia&#8217;l futuru.<\/span><\/p>\t\t\t\t\t\t\t\t<\/div>\n\t\t\t\t<\/div>\n\t\t\t\t<div class=\"elementor-element elementor-element-be663ff elementor-widget elementor-widget-heading\" data-id=\"be663ff\" data-element_type=\"widget\" data-e-type=\"widget\" data-widget_type=\"heading.default\">\n\t\t\t\t<div class=\"elementor-widget-container\">\n\t\t\t\t\t<h5 class=\"elementor-heading-title elementor-size-default\">18.00 (puertes: 17.30), La Ben\u00e9fica de Pilo\u00f1a<\/h5>\t\t\t\t<\/div>\n\t\t\t\t<\/div>\n\t\t\t\t<div class=\"elementor-element elementor-element-0f78d3d elementor-widget elementor-widget-heading\" data-id=\"0f78d3d\" data-element_type=\"widget\" data-e-type=\"widget\" data-widget_type=\"heading.default\">\n\t\t\t\t<div class=\"elementor-widget-container\">\n\t\t\t\t\t<h4 class=\"elementor-heading-title elementor-size-default\">luna<\/h4>\t\t\t\t<\/div>\n\t\t\t\t<\/div>\n\t\t\t\t<div class=\"elementor-element elementor-element-27bceba elementor-widget elementor-widget-heading\" data-id=\"27bceba\" data-element_type=\"widget\" data-e-type=\"widget\" data-widget_type=\"heading.default\">\n\t\t\t\t<div class=\"elementor-widget-container\">\n\t\t\t\t\t<h5 class=\"elementor-heading-title elementor-size-default\"><a href=\"https:\/\/maps.app.goo.gl\/eyU4n8zogHirtVa3A\">(Pablo casanueva, 2024)<\/a><\/h5>\t\t\t\t<\/div>\n\t\t\t\t<\/div>\n\t\t\t\t<div class=\"elementor-element elementor-element-39a99ee elementor-widget elementor-widget-text-editor\" data-id=\"39a99ee\" data-element_type=\"widget\" data-e-type=\"widget\" data-widget_type=\"text-editor.default\">\n\t\t\t\t<div class=\"elementor-widget-container\">\n\t\t\t\t\t\t\t\t\t<p><span style=\"font-weight: 400;\">Entamamos la xornada con un ensayu documental nel que\u2019l cineasta asturianu, natural de Ribeseya,<\/span>cartograf\u00eda la cara oculta del so propiu \u00e1lbum familiar como pretestu pa cuntar la hestoria reci\u00e9n d&#8217;un pa\u00eds.<\/p><p><span style=\"font-weight: 400;\">Pablo reconstr\u00fai en primer persona y con esp\u00edritu d&#8217;artesanu la memoria de los sos ancestros,<\/span><span style=\"font-weight: 400;\">represaliaos na dictadura de Franco. Un viaxe f\u00edlmicu ente xeneraciones al travi\u00e9s d&#8217;archivos personales, documentos p\u00fablicos y nun recorr\u00edu presencial polos llugares onde vivieron en carnes propies la represi\u00f3n, la c\u00e1rcel y l&#8217;exiliu.<\/span><\/p><p><b>Coloquiu con<\/b> <span style=\"font-weight: 400;\">Pablo Casanueva (director) | <\/span><b>Presenta:<\/b> <span style=\"font-weight: 400;\">Jorge Rojas<\/span><\/p>\t\t\t\t\t\t\t\t<\/div>\n\t\t\t\t<\/div>\n\t\t\t\t<div class=\"elementor-element elementor-element-be148e0 elementor-widget elementor-widget-heading\" data-id=\"be148e0\" data-element_type=\"widget\" data-e-type=\"widget\" data-widget_type=\"heading.default\">\n\t\t\t\t<div class=\"elementor-widget-container\">\n\t\t\t\t\t<h5 class=\"elementor-heading-title elementor-size-default\"><a href=\"https:\/\/maps.app.goo.gl\/vGCNt697zYjuqMZh8\">21.30, Prau El Pielgu (donde la fiesta, Antrialgo)<\/a><\/h5>\t\t\t\t<\/div>\n\t\t\t\t<\/div>\n\t\t\t\t<div class=\"elementor-element elementor-element-faf8bba elementor-widget elementor-widget-heading\" data-id=\"faf8bba\" data-element_type=\"widget\" data-e-type=\"widget\" data-widget_type=\"heading.default\">\n\t\t\t\t<div class=\"elementor-widget-container\">\n\t\t\t\t\t<h4 class=\"elementor-heading-title elementor-size-default\">La marsellesa de los borrachos<\/h4>\t\t\t\t<\/div>\n\t\t\t\t<\/div>\n\t\t\t\t<div class=\"elementor-element elementor-element-ed8e197 elementor-widget elementor-widget-heading\" data-id=\"ed8e197\" data-element_type=\"widget\" data-e-type=\"widget\" data-widget_type=\"heading.default\">\n\t\t\t\t<div class=\"elementor-widget-container\">\n\t\t\t\t\t<h5 class=\"elementor-heading-title elementor-size-default\"><a href=\"https:\/\/maps.app.goo.gl\/eyU4n8zogHirtVa3A\">(Pablo Gil Rituerto, 2024)<\/a><\/h5>\t\t\t\t<\/div>\n\t\t\t\t<\/div>\n\t\t\t\t<div class=\"elementor-element elementor-element-0ad48ed elementor-widget elementor-widget-text-editor\" data-id=\"0ad48ed\" data-element_type=\"widget\" data-e-type=\"widget\" data-widget_type=\"text-editor.default\">\n\t\t\t\t<div class=\"elementor-widget-container\">\n\t\t\t\t\t\t\t\t\t<p><span style=\"font-weight: 400;\">La segunda xornada remata con dos viaxes de branu que dialoguen nesti documental sobre ruedes al travi\u00e9s de la memoria hest\u00f3rica, la m\u00fasica tradicional y l&#8217;archivu sonoru.<\/span><\/p><p>El primer viaxe emprendi\u00f3lu nel 1961 el grupu Cantacronache: un colectivu italianu qu&#8217;atraves\u00f3&#8217;l norte d&#8217;Espa\u00f1a en plena dictadura pa grabar, difundir y internacionalizar cantares populares de la resistencia. El segundu viaxe emprend\u00edu, sesenta a\u00f1os dempu\u00e9s y poles mesmes carreteres, un equipu de rodaxe comand\u00e1u por Pablo Gil Rituerto, entrug\u00e1ndose qu\u00e9 permanez vivo d&#8217;aquellos cantares y de les persones que los cantaron, conformando una xeograf\u00eda emocional y pol\u00edtica d&#8217;un territoriu onde les fir\u00edes del pas\u00e1u siguen abiertes.<br\/><br\/>P\u2019abrir la proyecci\u00f3n, el Coru Mineru de Tur\u00f3n van interpretar dellos d&#8217;estos cantares en directo.<\/p><p><\/p><p><b>Coloquiu con<\/b><span style=\"font-weight: 400;\">Pablo Gil Rituerto (director), Leticia Baselgas y Rub\u00e9n Bada (m\u00fasicos) |<\/span><b>M\u00fasica en directu<\/b><span style=\"font-weight: 400;\">: Coru Mineru de Tur\u00f3n |<\/span><b>Presenta<\/b><span style=\"font-weight: 400;\">: Tom\u00e1s Ybarra<\/span><\/p>\t\t\t\t\t\t\t\t<\/div>\n\t\t\t\t<\/div>\n\t\t\t\t\t<\/div>\n\t\t<\/div>\n\t\t\t\t\t<\/div>\n\t\t<\/section>\n\t\t\t\t<section class=\"elementor-section elementor-top-section elementor-element elementor-element-69baf14 elementor-section-boxed elementor-section-height-default elementor-section-height-default qodef-elementor-content-no\" data-id=\"69baf14\" data-element_type=\"section\" data-e-type=\"section\">\n\t\t\t\t\t\t<div class=\"elementor-container elementor-column-gap-default\">\n\t\t\t\t\t<div class=\"elementor-column elementor-col-50 elementor-top-column elementor-element elementor-element-98671fd\" data-id=\"98671fd\" data-element_type=\"column\" data-e-type=\"column\">\n\t\t\t<div class=\"elementor-widget-wrap elementor-element-populated\">\n\t\t\t\t\t\t<div class=\"elementor-element elementor-element-9757277 elementor-widget elementor-widget-image\" data-id=\"9757277\" data-element_type=\"widget\" data-e-type=\"widget\" data-widget_type=\"image.default\">\n\t\t\t\t<div class=\"elementor-widget-container\">\n\t\t\t\t\t\t\t\t\t\t\t\t\t\t\t<img loading=\"lazy\" decoding=\"async\" width=\"465\" height=\"650\" src=\"https:\/\/labenefica.org\/wp-content\/uploads\/2026\/08\/3_Luna-pablo-casanueva-465x650.jpg\" class=\"attachment-lekker_image_size_square size-lekker_image_size_square wp-image-20898\" alt=\"\" \/>\t\t\t\t\t\t\t\t\t\t\t\t\t\t\t<\/div>\n\t\t\t\t<\/div>\n\t\t\t\t\t<\/div>\n\t\t<\/div>\n\t\t\t\t<div class=\"elementor-column elementor-col-50 elementor-top-column elementor-element elementor-element-240e3fe\" data-id=\"240e3fe\" data-element_type=\"column\" data-e-type=\"column\">\n\t\t\t<div class=\"elementor-widget-wrap elementor-element-populated\">\n\t\t\t\t\t\t<div class=\"elementor-element elementor-element-e75782d elementor-widget elementor-widget-image\" data-id=\"e75782d\" data-element_type=\"widget\" data-e-type=\"widget\" data-widget_type=\"image.default\">\n\t\t\t\t<div class=\"elementor-widget-container\">\n\t\t\t\t\t\t\t\t\t\t\t\t\t\t\t<img loading=\"lazy\" decoding=\"async\" width=\"500\" height=\"650\" src=\"https:\/\/labenefica.org\/wp-content\/uploads\/2026\/08\/4_la-marsellesa-2-500x650.jpg\" class=\"attachment-lekker_image_size_square size-lekker_image_size_square wp-image-20899\" alt=\"\" \/>\t\t\t\t\t\t\t\t\t\t\t\t\t\t\t<\/div>\n\t\t\t\t<\/div>\n\t\t\t\t\t<\/div>\n\t\t<\/div>\n\t\t\t\t\t<\/div>\n\t\t<\/section>\n\t\t\t\t<section class=\"elementor-section elementor-top-section elementor-element elementor-element-373d6d7 elementor-section-boxed elementor-section-height-default elementor-section-height-default qodef-elementor-content-no\" data-id=\"373d6d7\" data-element_type=\"section\" data-e-type=\"section\">\n\t\t\t\t\t\t<div class=\"elementor-container elementor-column-gap-default\">\n\t\t\t\t\t<div class=\"elementor-column elementor-col-100 elementor-top-column elementor-element elementor-element-c901707\" data-id=\"c901707\" data-element_type=\"column\" data-e-type=\"column\">\n\t\t\t<div class=\"elementor-widget-wrap elementor-element-populated\">\n\t\t\t\t\t\t<div class=\"elementor-element elementor-element-d02974a elementor-widget-divider--separator-type-pattern elementor-widget-divider--view-line elementor-widget elementor-widget-divider\" data-id=\"d02974a\" data-element_type=\"widget\" data-e-type=\"widget\" data-widget_type=\"divider.default\">\n\t\t\t\t<div class=\"elementor-widget-container\">\n\t\t\t\t\t\t\t<div class=\"elementor-divider\" style=\"--divider-pattern-url: url(&quot;data:image\/svg+xml,%3Csvg xmlns=&#039;http:\/\/www.w3.org\/2000\/svg&#039; preserveAspectRatio=&#039;none&#039; overflow=&#039;visible&#039; height=&#039;100%&#039; viewBox=&#039;0 0 20 16&#039; fill=&#039;none&#039; stroke=&#039;black&#039; stroke-width=&#039;1&#039; stroke-linecap=&#039;square&#039; stroke-miterlimit=&#039;10&#039;%3E%3Cg transform=&#039;translate(-12.000000, 0)&#039;%3E%3Cpath d=&#039;M28,0L10,18&#039;\/%3E%3Cpath d=&#039;M18,0L0,18&#039;\/%3E%3Cpath d=&#039;M48,0L30,18&#039;\/%3E%3Cpath d=&#039;M38,0L20,18&#039;\/%3E%3C\/g%3E%3C\/svg%3E&quot;);\">\n\t\t\t<span class=\"elementor-divider-separator\">\n\t\t\t\t\t\t<\/span>\n\t\t<\/div>\n\t\t\t\t\t\t<\/div>\n\t\t\t\t<\/div>\n\t\t\t\t<div class=\"elementor-element elementor-element-c3fd7eb elementor-widget elementor-widget-heading\" data-id=\"c3fd7eb\" data-element_type=\"widget\" data-e-type=\"widget\" data-widget_type=\"heading.default\">\n\t\t\t\t<div class=\"elementor-widget-container\">\n\t\t\t\t\t<h2 class=\"elementor-heading-title elementor-size-default\">D\u00cdA tres<br \/>Un viaxe ocultu<\/h2>\t\t\t\t<\/div>\n\t\t\t\t<\/div>\n\t\t\t\t<div class=\"elementor-element elementor-element-019181a elementor-widget elementor-widget-text-editor\" data-id=\"019181a\" data-element_type=\"widget\" data-e-type=\"widget\" data-widget_type=\"text-editor.default\">\n\t\t\t\t<div class=\"elementor-widget-container\">\n\t\t\t\t\t\t\t\t\t<p><i><span style=\"font-weight: 400;\">\u201cSi abri\u00e9ramos a las personas, encontrar\u00edamos paisajes adentro.\u201d (Agnes Varda)<\/span><\/i><\/p><p><span style=\"font-weight: 400;\">Rematamos el nuestru particular viaxe f\u00edlmicu aterrizando na cara oculta de n\u00f3s mesmos. Aquellos llugares comunes y momentos cotidianos que davezu pasen desapercib\u00edos, permanecen escond\u00edos o damos por sentaos, y qu&#8217;emerxen a la superficie al parase frente a ellos y observalos con calma. Estos llugares, al sentise miraos y escuchaos dende nueves perspectives, reg\u00e1lennos al empar nueves oreyes y nuevos g\u00fceyos. <\/span><br\/><br\/><\/p>\t\t\t\t\t\t\t\t<\/div>\n\t\t\t\t<\/div>\n\t\t\t\t<div class=\"elementor-element elementor-element-dbcf551 elementor-widget elementor-widget-heading\" data-id=\"dbcf551\" data-element_type=\"widget\" data-e-type=\"widget\" data-widget_type=\"heading.default\">\n\t\t\t\t<div class=\"elementor-widget-container\">\n\t\t\t\t\t<h5 class=\"elementor-heading-title elementor-size-default\">12.00, La Ben\u00e9fica de Pilo\u00f1a<\/h5>\t\t\t\t<\/div>\n\t\t\t\t<\/div>\n\t\t\t\t<div class=\"elementor-element elementor-element-35328f1 elementor-widget elementor-widget-heading\" data-id=\"35328f1\" data-element_type=\"widget\" data-e-type=\"widget\" data-widget_type=\"heading.default\">\n\t\t\t\t<div class=\"elementor-widget-container\">\n\t\t\t\t\t<h4 class=\"elementor-heading-title elementor-size-default\">Sue\u00f1os y pan<\/h4>\t\t\t\t<\/div>\n\t\t\t\t<\/div>\n\t\t\t\t<div class=\"elementor-element elementor-element-b5c9312 elementor-widget elementor-widget-heading\" data-id=\"b5c9312\" data-element_type=\"widget\" data-e-type=\"widget\" data-widget_type=\"heading.default\">\n\t\t\t\t<div class=\"elementor-widget-container\">\n\t\t\t\t\t<h5 class=\"elementor-heading-title elementor-size-default\"><a href=\"https:\/\/maps.app.goo.gl\/eyU4n8zogHirtVa3A\">(Luis \u201cSoto\u201d Mu\u00f1oz, 2023)<\/a><\/h5>\t\t\t\t<\/div>\n\t\t\t\t<\/div>\n\t\t\t\t<div class=\"elementor-element elementor-element-dc76d28 elementor-widget elementor-widget-text-editor\" data-id=\"dc76d28\" data-element_type=\"widget\" data-e-type=\"widget\" data-widget_type=\"text-editor.default\">\n\t\t\t\t<div class=\"elementor-widget-container\">\n\t\t\t\t\t\t\t\t\t<p><span style=\"font-weight: 400;\">Abrimos la nuestra cabera xornada siguiendo&#8217;l particular viaxe de dos mozos que roben un cuadru pensando que va camudar les sos vides. Una traves\u00eda traxic\u00f3mica per galer\u00edes d&#8217;arte, descampaos y bloques de barrios perif\u00e9ricos de Madrid, qu\u2019al empar ye la \u00f3pera prima de Luis &#8220;Soto&#8221; Mu\u00f1oz, un mozu director sevillanu que debut\u00f3 nel llargometraxe con esta obra de cine quinqui revisit\u00e1u na m\u00e1xima espresi\u00f3n, ye dicir, rodada ensin m\u00e1s recursos que les ganes de vela fecha realid\u00e1. <\/span><\/p><p><b>Coloquiu con<\/b> <span style=\"font-weight: 400;\">Luis \u201cSoto\u201d Mu\u00f1oz<\/span><span style=\"font-weight: 400;\">(director) | <\/span><b style=\"font-size: inherit; font-style: inherit; letter-spacing: inherit; text-transform: inherit;\">Presenta<\/b><span style=\"font-size: inherit; font-style: inherit; letter-spacing: inherit; text-transform: inherit;\">: Jorge Rojas.<\/span><\/p>\t\t\t\t\t\t\t\t<\/div>\n\t\t\t\t<\/div>\n\t\t\t\t<div class=\"elementor-element elementor-element-7ba387d elementor-widget elementor-widget-heading\" data-id=\"7ba387d\" data-element_type=\"widget\" data-e-type=\"widget\" data-widget_type=\"heading.default\">\n\t\t\t\t<div class=\"elementor-widget-container\">\n\t\t\t\t\t<h5 class=\"elementor-heading-title elementor-size-default\">13.30, chigre la mal\u00e9fica<\/h5>\t\t\t\t<\/div>\n\t\t\t\t<\/div>\n\t\t\t\t<div class=\"elementor-element elementor-element-d717ce5 elementor-widget elementor-widget-heading\" data-id=\"d717ce5\" data-element_type=\"widget\" data-e-type=\"widget\" data-widget_type=\"heading.default\">\n\t\t\t\t<div class=\"elementor-widget-container\">\n\t\t\t\t\t<h4 class=\"elementor-heading-title elementor-size-default\">sesi\u00f3n verm\u00fa<\/h4>\t\t\t\t<\/div>\n\t\t\t\t<\/div>\n\t\t\t\t<div class=\"elementor-element elementor-element-3b902f6 elementor-widget elementor-widget-text-editor\" data-id=\"3b902f6\" data-element_type=\"widget\" data-e-type=\"widget\" data-widget_type=\"text-editor.default\">\n\t\t\t\t<div class=\"elementor-widget-container\">\n\t\t\t\t\t\t\t\t\t<p><span style=\"font-weight: 400;\">Pa tomar un respiru ente sesiones, vos invitamos a averavos al chigre La Mal\u00e9fica, na Cai del Quesu, 11 (a 5 minutos de La Ben\u00e9fica).<\/span><\/p>\t\t\t\t\t\t\t\t<\/div>\n\t\t\t\t<\/div>\n\t\t\t\t<div class=\"elementor-element elementor-element-bc2fb2d elementor-widget elementor-widget-heading\" data-id=\"bc2fb2d\" data-element_type=\"widget\" data-e-type=\"widget\" data-widget_type=\"heading.default\">\n\t\t\t\t<div class=\"elementor-widget-container\">\n\t\t\t\t\t<h5 class=\"elementor-heading-title elementor-size-default\">18.00, La Ben\u00e9fica de Pilo\u00f1a\u200b<\/h5>\t\t\t\t<\/div>\n\t\t\t\t<\/div>\n\t\t\t\t<div class=\"elementor-element elementor-element-1ee270e elementor-widget elementor-widget-heading\" data-id=\"1ee270e\" data-element_type=\"widget\" data-e-type=\"widget\" data-widget_type=\"heading.default\">\n\t\t\t\t<div class=\"elementor-widget-container\">\n\t\t\t\t\t<h4 class=\"elementor-heading-title elementor-size-default\">Cristina Garc\u00eda Rodero: La mirada oculta<\/h4>\t\t\t\t<\/div>\n\t\t\t\t<\/div>\n\t\t\t\t<div class=\"elementor-element elementor-element-b615471 elementor-widget elementor-widget-heading\" data-id=\"b615471\" data-element_type=\"widget\" data-e-type=\"widget\" data-widget_type=\"heading.default\">\n\t\t\t\t<div class=\"elementor-widget-container\">\n\t\t\t\t\t<h5 class=\"elementor-heading-title elementor-size-default\"><a href=\"https:\/\/maps.app.goo.gl\/eyU4n8zogHirtVa3A\">(Carlota Nelson, 2025)<\/a><\/h5>\t\t\t\t<\/div>\n\t\t\t\t<\/div>\n\t\t\t\t<div class=\"elementor-element elementor-element-292464b elementor-widget elementor-widget-text-editor\" data-id=\"292464b\" data-element_type=\"widget\" data-e-type=\"widget\" data-widget_type=\"text-editor.default\">\n\t\t\t\t<div class=\"elementor-widget-container\">\n\t\t\t\t\t\t\t\t\t<p><span style=\"font-weight: 400;\">Ferozmente independiente, aclamada pola cr\u00edtica y autodidacta, la fot\u00f3grafa manchega Cristina Garc\u00eda Rodero di\u00f3 testimoniu a lo llargo de mediu sieglu d\u2019una Espa\u00f1a ins\u00f3lita, pero los sos estensos reportaxes, ensin priesa y dende dientro, tami\u00e9n buscaron otres cultures y realidaes velaes.&nbsp;<\/span><\/p>\n<p><span style=\"font-weight: 400;\">Un viaxe en forma de retratu \u00edntimu dirix\u00edu por Carlota Nelson y Tom\u00e1s Ybarra a la c\u00e1mara, pilo\u00f1eses d\u2019adopci\u00f3n, que tami\u00e9n ye una reflex\u00f3n sobre la mirada y la perseverancia d\u2019una de les fot\u00f3grafes m\u00e1s importantes del nuestru tiempu. Y ye qu\u2019actualmente Cristina sigue documentando cola mesma curiosid\u00e1 que fai cincuenta a\u00f1os c\u00f3mo se celebra la vida, l\u2019amor, la guapura y la muerte nel mundu. Aquello que mueve y remueve l\u2019alma, l\u2019esp\u00edritu y el cuerpu humanu.<br\/><\/span><\/p>\n<p><b>Presentaci\u00f3n y coloquiu con<\/b><span style=\"font-weight: 400;\">Carlota Nelson (directora) y Tom\u00e1s Ybarra (director de fotograf\u00eda).<\/span><\/p>\t\t\t\t\t\t\t\t<\/div>\n\t\t\t\t<\/div>\n\t\t\t\t\t<\/div>\n\t\t<\/div>\n\t\t\t\t\t<\/div>\n\t\t<\/section>\n\t\t\t\t<section class=\"elementor-section elementor-top-section elementor-element elementor-element-b704ce4 elementor-section-boxed elementor-section-height-default elementor-section-height-default qodef-elementor-content-no\" data-id=\"b704ce4\" data-element_type=\"section\" data-e-type=\"section\">\n\t\t\t\t\t\t<div class=\"elementor-container elementor-column-gap-default\">\n\t\t\t\t\t<div class=\"elementor-column elementor-col-50 elementor-top-column elementor-element elementor-element-0498dba\" data-id=\"0498dba\" data-element_type=\"column\" data-e-type=\"column\">\n\t\t\t<div class=\"elementor-widget-wrap elementor-element-populated\">\n\t\t\t\t\t\t<div class=\"elementor-element elementor-element-3197cd0 elementor-widget elementor-widget-image\" data-id=\"3197cd0\" data-element_type=\"widget\" data-e-type=\"widget\" data-widget_type=\"image.default\">\n\t\t\t\t<div class=\"elementor-widget-container\">\n\t\t\t\t\t\t\t\t\t\t\t\t\t\t\t<img loading=\"lazy\" decoding=\"async\" width=\"739\" height=\"415\" src=\"https:\/\/labenefica.org\/wp-content\/uploads\/2026\/08\/5_suenos-y-pan-2.jpg\" class=\"attachment-large size-large wp-image-20900\" alt=\"\" srcset=\"https:\/\/labenefica.org\/wp-content\/uploads\/2026\/08\/5_suenos-y-pan-2.jpg 739w, https:\/\/labenefica.org\/wp-content\/uploads\/2026\/08\/5_suenos-y-pan-2-300x168.jpg 300w\" sizes=\"(max-width: 739px) 100vw, 739px\" \/>\t\t\t\t\t\t\t\t\t\t\t\t\t\t\t<\/div>\n\t\t\t\t<\/div>\n\t\t\t\t\t<\/div>\n\t\t<\/div>\n\t\t\t\t<div class=\"elementor-column elementor-col-50 elementor-top-column elementor-element elementor-element-fad7405\" data-id=\"fad7405\" data-element_type=\"column\" data-e-type=\"column\">\n\t\t\t<div class=\"elementor-widget-wrap elementor-element-populated\">\n\t\t\t\t\t\t<div class=\"elementor-element elementor-element-4a3274d elementor-widget elementor-widget-image\" data-id=\"4a3274d\" data-element_type=\"widget\" data-e-type=\"widget\" data-widget_type=\"image.default\">\n\t\t\t\t<div class=\"elementor-widget-container\">\n\t\t\t\t\t\t\t\t\t\t\t\t\t\t\t<img loading=\"lazy\" decoding=\"async\" width=\"739\" height=\"415\" src=\"https:\/\/labenefica.org\/wp-content\/uploads\/2026\/08\/6_la-mirada-oculta-cristina-garcia-rodero-2.jpg\" class=\"attachment-large size-large wp-image-20901\" alt=\"\" srcset=\"https:\/\/labenefica.org\/wp-content\/uploads\/2026\/08\/6_la-mirada-oculta-cristina-garcia-rodero-2.jpg 739w, https:\/\/labenefica.org\/wp-content\/uploads\/2026\/08\/6_la-mirada-oculta-cristina-garcia-rodero-2-300x168.jpg 300w\" sizes=\"(max-width: 739px) 100vw, 739px\" \/>\t\t\t\t\t\t\t\t\t\t\t\t\t\t\t<\/div>\n\t\t\t\t<\/div>\n\t\t\t\t\t<\/div>\n\t\t<\/div>\n\t\t\t\t\t<\/div>\n\t\t<\/section>\n\t\t\t\t<section class=\"elementor-section elementor-top-section elementor-element elementor-element-3f269e8 elementor-section-boxed elementor-section-height-default elementor-section-height-default qodef-elementor-content-no\" data-id=\"3f269e8\" data-element_type=\"section\" data-e-type=\"section\">\n\t\t\t\t\t\t<div class=\"elementor-container elementor-column-gap-default\">\n\t\t\t\t\t<div class=\"elementor-column elementor-col-100 elementor-top-column elementor-element elementor-element-505b250\" data-id=\"505b250\" data-element_type=\"column\" data-e-type=\"column\">\n\t\t\t<div class=\"elementor-widget-wrap elementor-element-populated\">\n\t\t\t\t\t\t<div class=\"elementor-element elementor-element-ae0c37f elementor-widget-divider--separator-type-pattern elementor-widget-divider--view-line elementor-widget elementor-widget-divider\" data-id=\"ae0c37f\" data-element_type=\"widget\" data-e-type=\"widget\" data-widget_type=\"divider.default\">\n\t\t\t\t<div class=\"elementor-widget-container\">\n\t\t\t\t\t\t\t<div class=\"elementor-divider\" style=\"--divider-pattern-url: url(&quot;data:image\/svg+xml,%3Csvg xmlns=&#039;http:\/\/www.w3.org\/2000\/svg&#039; preserveAspectRatio=&#039;none&#039; overflow=&#039;visible&#039; height=&#039;100%&#039; viewBox=&#039;0 0 20 16&#039; fill=&#039;none&#039; stroke=&#039;black&#039; stroke-width=&#039;1&#039; stroke-linecap=&#039;square&#039; stroke-miterlimit=&#039;10&#039;%3E%3Cg transform=&#039;translate(-12.000000, 0)&#039;%3E%3Cpath d=&#039;M28,0L10,18&#039;\/%3E%3Cpath d=&#039;M18,0L0,18&#039;\/%3E%3Cpath d=&#039;M48,0L30,18&#039;\/%3E%3Cpath d=&#039;M38,0L20,18&#039;\/%3E%3C\/g%3E%3C\/svg%3E&quot;);\">\n\t\t\t<span class=\"elementor-divider-separator\">\n\t\t\t\t\t\t<\/span>\n\t\t<\/div>\n\t\t\t\t\t\t<\/div>\n\t\t\t\t<\/div>\n\t\t\t\t<div class=\"elementor-element elementor-element-85d272a elementor-widget elementor-widget-heading\" data-id=\"85d272a\" data-element_type=\"widget\" data-e-type=\"widget\" data-widget_type=\"heading.default\">\n\t\t\t\t<div class=\"elementor-widget-container\">\n\t\t\t\t\t<h2 class=\"elementor-heading-title elementor-size-default\">Actividaes Perif\u00e9riques<\/h2>\t\t\t\t<\/div>\n\t\t\t\t<\/div>\n\t\t\t\t<div class=\"elementor-element elementor-element-112f067 elementor-widget elementor-widget-heading\" data-id=\"112f067\" data-element_type=\"widget\" data-e-type=\"widget\" data-widget_type=\"heading.default\">\n\t\t\t\t<div class=\"elementor-widget-container\">\n\t\t\t\t\t<h5 class=\"elementor-heading-title elementor-size-default\"><a href=\"https:\/\/maps.app.goo.gl\/YZiJ3LMgRWggc5fg6\">1 de setiembre \u00b7 22:00 \u00b7 \u00c1rea recreativa de La Cueva<\/a><\/h5>\t\t\t\t<\/div>\n\t\t\t\t<\/div>\n\t\t\t\t<div class=\"elementor-element elementor-element-2e1e934 elementor-widget elementor-widget-heading\" data-id=\"2e1e934\" data-element_type=\"widget\" data-e-type=\"widget\" data-widget_type=\"heading.default\">\n\t\t\t\t<div class=\"elementor-widget-container\">\n\t\t\t\t\t<h4 class=\"elementor-heading-title elementor-size-default\">Hija de la laguna<\/h4>\t\t\t\t<\/div>\n\t\t\t\t<\/div>\n\t\t\t\t<div class=\"elementor-element elementor-element-55ee16b elementor-widget elementor-widget-heading\" data-id=\"55ee16b\" data-element_type=\"widget\" data-e-type=\"widget\" data-widget_type=\"heading.default\">\n\t\t\t\t<div class=\"elementor-widget-container\">\n\t\t\t\t\t<h5 class=\"elementor-heading-title elementor-size-default\"><a href=\"https:\/\/maps.app.goo.gl\/eyU4n8zogHirtVa3A\">(Ernesto Cabellos, 2015)<\/a><\/h5>\t\t\t\t<\/div>\n\t\t\t\t<\/div>\n\t\t\t\t<div class=\"elementor-element elementor-element-890beeb elementor-widget elementor-widget-text-editor\" data-id=\"890beeb\" data-element_type=\"widget\" data-e-type=\"widget\" data-widget_type=\"text-editor.default\">\n\t\t\t\t<div class=\"elementor-widget-container\">\n\t\t\t\t\t\t\t\t\t<p><span style=\"font-weight: 400;\">L\u2019aclam\u00e1u documental peruanu dirix\u00edu por Ernesto Cabellos Dami\u00e1n, narra la hestoria de N\u00e9lida Ayay Chil\u00f3n, una muyer de los Andes que se comunica colos esp\u00edritus del agua. Ella usa la so voz pa defender la llaguna que considera la madre frente a una gran minera d&#8217;oru. <\/span><\/p><p><b>Presentaci\u00f3n y coloquiu:<\/b><span style=\"font-weight: 400;\">Asamblea de Pilo\u00f1a de Salvemos Pe\u00f1amayor<\/span><span style=\"font-weight: 400;\"><\/span><\/p> \t\t\t\t\t\t\t\t<\/div>\n\t\t\t\t<\/div>\n\t\t\t\t<div class=\"elementor-element elementor-element-da09797 elementor-widget elementor-widget-heading\" data-id=\"da09797\" data-element_type=\"widget\" data-e-type=\"widget\" data-widget_type=\"heading.default\">\n\t\t\t\t<div class=\"elementor-widget-container\">\n\t\t\t\t\t<h5 class=\"elementor-heading-title elementor-size-default\"><a href=\"https:\/\/maps.app.goo.gl\/q7goBFSYLJXNhWD86\">5 de setiembre \u00b7 11:00 \u00b7 Antiguo Balneario de Borines<\/a><\/h5>\t\t\t\t<\/div>\n\t\t\t\t<\/div>\n\t\t\t\t<div class=\"elementor-element elementor-element-173fb1d elementor-widget elementor-widget-text-editor\" data-id=\"173fb1d\" data-element_type=\"widget\" data-e-type=\"widget\" data-widget_type=\"text-editor.default\">\n\t\t\t\t<div class=\"elementor-widget-container\">\n\t\t\t\t\t\t\t\t\t<p><span style=\"font-weight: 400;\">A les 11h visita a la esposici\u00f3n y merc\u00e1u d\u2019arte \u201cArtistes Ben\u00e9ficos\u201d en rebaxes, \u00a1nun pierdas la oportunid\u00e1 de mercar una obra d\u2019arte!<\/span><\/p><p><span style=\"color: #d02926;\"><b>12:30h Especial Curtiometraxes en Pilo\u00f1a:<\/b><\/span><\/p><p><b><span style=\"font-family: inherit; font-size: inherit; font-style: inherit; letter-spacing: inherit; text-transform: inherit;\">Nana Dee (<\/span><i style=\"font-family: inherit; font-size: inherit; letter-spacing: inherit; text-transform: inherit;\">Marta Sniezek, Momo Willet, 2023<\/i><span style=\"font-family: inherit; font-size: inherit; font-style: inherit; letter-spacing: inherit; text-transform: inherit;\">)<\/span><\/b><\/p><p><span style=\"font-weight: 400;\">Nana Dee enfrenta la soled\u00e1 del tiempu evitando dafechu&#8217;l tiempu y adientr\u00e1ndose na televisi\u00f3n. Ta esperando a daqui\u00e9n. Y esi daqui\u00e9n llega tarde.<\/span><\/p> <p><b><span style=\"font-family: inherit; font-size: inherit; font-style: inherit; letter-spacing: inherit; text-transform: inherit;\">Cases (<\/span><i style=\"font-family: inherit; font-size: inherit; letter-spacing: inherit; text-transform: inherit;\">Jandro Llaneza, 2025<\/i><span style=\"font-family: inherit; font-size: inherit; font-style: inherit; letter-spacing: inherit; text-transform: inherit;\">)<\/span><\/b><\/p><p><span style=\"font-weight: 400;\">Cases prop\u00f3n una mirada a les cases valeres que pueblen el territoriu asturianu. Siete hestories cuntaes dende l&#8217;aldea y protagonizaes por vecines que deciden zarrar la casa, negando la posibilid\u00e1 de futuru al rural. Relatos sobre la migraci\u00f3n, la represi\u00f3n de la dictadura, la masculinizaci\u00f3n del rural, la estigmatizaci\u00f3n y declive de los pueblos, la especulaci\u00f3n y la turistificaci\u00f3n conformen un mosaicu que narra l&#8217;abandonu y la matorralizaci\u00f3n que nos arrodia.<\/span><\/p><p><br\/><b><span style=\"font-family: inherit; font-size: inherit; font-style: inherit; letter-spacing: inherit; text-transform: inherit;\">IUS del tiempo (<\/span><i style=\"font-family: inherit; font-size: inherit; letter-spacing: inherit; text-transform: inherit;\">Roberto F. Canuto, Xiaoxi Xu, 2025<\/i><span style=\"font-family: inherit; font-size: inherit; font-style: inherit; letter-spacing: inherit; text-transform: inherit;\">)<\/span><\/b><\/p><p><span style=\"font-weight: 400;\">Luca, un mozu estudiante de fotograf\u00eda, aporta a una aldea pa desendolcar un proyectu art\u00edsticu y reconectar coles raiga\u00f1os. Ell\u00ed convive con Xuan, un queseru mayor con una personalid\u00e1 reservada anubre un pas\u00e1u marc\u00e1u pol silenciu y el prexuiciu. Al travi\u00e9s de la c\u00e1mara de Luca y la rellaci\u00f3n que va medrando ente ellos, los dos homes van redescubriendo la memoria, el des\u00e9u y el sent\u00edu de pertenencia. Una hestoria sobre lo que cala a lo llargo de d\u00e9cades, y sobre lo que, a la fin, siempre atopa la manera de salir a la lluz.<\/span><\/p>\t\t\t\t\t\t\t\t<\/div>\n\t\t\t\t<\/div>\n\t\t\t\t<div class=\"elementor-element elementor-element-a70533d elementor-widget-divider--separator-type-pattern elementor-widget-divider--view-line elementor-widget elementor-widget-divider\" data-id=\"a70533d\" data-element_type=\"widget\" data-e-type=\"widget\" data-widget_type=\"divider.default\">\n\t\t\t\t<div class=\"elementor-widget-container\">\n\t\t\t\t\t\t\t<div class=\"elementor-divider\" style=\"--divider-pattern-url: url(&quot;data:image\/svg+xml,%3Csvg xmlns=&#039;http:\/\/www.w3.org\/2000\/svg&#039; preserveAspectRatio=&#039;none&#039; overflow=&#039;visible&#039; height=&#039;100%&#039; viewBox=&#039;0 0 20 16&#039; fill=&#039;none&#039; stroke=&#039;black&#039; stroke-width=&#039;1&#039; stroke-linecap=&#039;square&#039; stroke-miterlimit=&#039;10&#039;%3E%3Cg transform=&#039;translate(-12.000000, 0)&#039;%3E%3Cpath d=&#039;M28,0L10,18&#039;\/%3E%3Cpath d=&#039;M18,0L0,18&#039;\/%3E%3Cpath d=&#039;M48,0L30,18&#039;\/%3E%3Cpath d=&#039;M38,0L20,18&#039;\/%3E%3C\/g%3E%3C\/svg%3E&quot;);\">\n\t\t\t<span class=\"elementor-divider-separator\">\n\t\t\t\t\t\t<\/span>\n\t\t<\/div>\n\t\t\t\t\t\t<\/div>\n\t\t\t\t<\/div>\n\t\t\t\t<div class=\"elementor-element elementor-element-9ba12dc elementor-align-justify elementor-widget elementor-widget-button\" data-id=\"9ba12dc\" data-element_type=\"widget\" data-e-type=\"widget\" data-widget_type=\"button.default\">\n\t\t\t\t<div class=\"elementor-widget-container\">\n\t\t\t\t\t\t\t\t\t<div class=\"elementor-button-wrapper\">\n\t\t\t\t\t<a class=\"elementor-button elementor-button-link elementor-size-sm\" href=\"http:\/\/labenefica.org\/wp-content\/uploads\/2026\/08\/Benefilmica-AST.pdf\" target=\"_blank\">\n\t\t\t\t\t\t<span class=\"elementor-button-content-wrapper\">\n\t\t\t\t\t\t\t\t\t<span class=\"elementor-button-text\">DESCARGAR PROGRAMA<\/span>\n\t\t\t\t\t<\/span>\n\t\t\t\t\t<\/a>\n\t\t\t\t<\/div>\n\t\t\t\t\t\t\t\t<\/div>\n\t\t\t\t<\/div>\n\t\t\t\t\t<\/div>\n\t\t<\/div>\n\t\t\t\t\t<\/div>\n\t\t<\/section>\n\t\t\t\t<section class=\"elementor-section elementor-top-section elementor-element elementor-element-d5ad305 elementor-section-boxed elementor-section-height-default elementor-section-height-default qodef-elementor-content-no\" data-id=\"d5ad305\" data-element_type=\"section\" data-e-type=\"section\">\n\t\t\t\t\t\t<div class=\"elementor-container elementor-column-gap-default\">\n\t\t\t\t\t<div class=\"elementor-column elementor-col-33 elementor-top-column elementor-element elementor-element-fff977e\" data-id=\"fff977e\" data-element_type=\"column\" data-e-type=\"column\">\n\t\t\t<div class=\"elementor-widget-wrap elementor-element-populated\">\n\t\t\t\t\t\t<div class=\"elementor-element elementor-element-658c4ad elementor-widget elementor-widget-image\" data-id=\"658c4ad\" data-element_type=\"widget\" data-e-type=\"widget\" data-widget_type=\"image.default\">\n\t\t\t\t<div class=\"elementor-widget-container\">\n\t\t\t\t\t\t\t\t\t\t\t\t\t\t\t<img loading=\"lazy\" decoding=\"async\" width=\"819\" height=\"1024\" src=\"https:\/\/labenefica.org\/wp-content\/uploads\/2026\/08\/01-Benefilmica-Dia-1-1-819x1024.jpg\" class=\"attachment-large size-large wp-image-20902\" alt=\"\" srcset=\"https:\/\/labenefica.org\/wp-content\/uploads\/2026\/08\/01-Benefilmica-Dia-1-1-819x1024.jpg 819w, https:\/\/labenefica.org\/wp-content\/uploads\/2026\/08\/01-Benefilmica-Dia-1-1-240x300.jpg 240w, https:\/\/labenefica.org\/wp-content\/uploads\/2026\/08\/01-Benefilmica-Dia-1-1-768x960.jpg 768w, https:\/\/labenefica.org\/wp-content\/uploads\/2026\/08\/01-Benefilmica-Dia-1-1-1229x1536.jpg 1229w, https:\/\/labenefica.org\/wp-content\/uploads\/2026\/08\/01-Benefilmica-Dia-1-1-1638x2048.jpg 1638w, https:\/\/labenefica.org\/wp-content\/uploads\/2026\/08\/01-Benefilmica-Dia-1-1-1000x1250.jpg 1000w, https:\/\/labenefica.org\/wp-content\/uploads\/2026\/08\/01-Benefilmica-Dia-1-1.jpg 2000w\" sizes=\"(max-width: 819px) 100vw, 819px\" \/>\t\t\t\t\t\t\t\t\t\t\t\t\t\t\t<\/div>\n\t\t\t\t<\/div>\n\t\t\t\t\t<\/div>\n\t\t<\/div>\n\t\t\t\t<div class=\"elementor-column elementor-col-33 elementor-top-column elementor-element elementor-element-686118c\" data-id=\"686118c\" data-element_type=\"column\" data-e-type=\"column\">\n\t\t\t<div class=\"elementor-widget-wrap elementor-element-populated\">\n\t\t\t\t\t\t<div class=\"elementor-element elementor-element-e114a32 elementor-widget elementor-widget-image\" data-id=\"e114a32\" data-element_type=\"widget\" data-e-type=\"widget\" data-widget_type=\"image.default\">\n\t\t\t\t<div class=\"elementor-widget-container\">\n\t\t\t\t\t\t\t\t\t\t\t\t\t\t\t<img loading=\"lazy\" decoding=\"async\" width=\"819\" height=\"1024\" src=\"https:\/\/labenefica.org\/wp-content\/uploads\/2026\/08\/01-Benefilmica-Dia-2-1-819x1024.jpg\" class=\"attachment-large size-large wp-image-20903\" alt=\"\" srcset=\"https:\/\/labenefica.org\/wp-content\/uploads\/2026\/08\/01-Benefilmica-Dia-2-1-819x1024.jpg 819w, https:\/\/labenefica.org\/wp-content\/uploads\/2026\/08\/01-Benefilmica-Dia-2-1-240x300.jpg 240w, https:\/\/labenefica.org\/wp-content\/uploads\/2026\/08\/01-Benefilmica-Dia-2-1-768x960.jpg 768w, https:\/\/labenefica.org\/wp-content\/uploads\/2026\/08\/01-Benefilmica-Dia-2-1-1229x1536.jpg 1229w, https:\/\/labenefica.org\/wp-content\/uploads\/2026\/08\/01-Benefilmica-Dia-2-1-1638x2048.jpg 1638w, https:\/\/labenefica.org\/wp-content\/uploads\/2026\/08\/01-Benefilmica-Dia-2-1-1000x1250.jpg 1000w, https:\/\/labenefica.org\/wp-content\/uploads\/2026\/08\/01-Benefilmica-Dia-2-1.jpg 2000w\" sizes=\"(max-width: 819px) 100vw, 819px\" \/>\t\t\t\t\t\t\t\t\t\t\t\t\t\t\t<\/div>\n\t\t\t\t<\/div>\n\t\t\t\t\t<\/div>\n\t\t<\/div>\n\t\t\t\t<div class=\"elementor-column elementor-col-33 elementor-top-column elementor-element elementor-element-bb9aa44\" data-id=\"bb9aa44\" data-element_type=\"column\" data-e-type=\"column\">\n\t\t\t<div class=\"elementor-widget-wrap elementor-element-populated\">\n\t\t\t\t\t\t<div class=\"elementor-element elementor-element-08d01ca elementor-widget elementor-widget-image\" data-id=\"08d01ca\" data-element_type=\"widget\" data-e-type=\"widget\" data-widget_type=\"image.default\">\n\t\t\t\t<div class=\"elementor-widget-container\">\n\t\t\t\t\t\t\t\t\t\t\t\t\t\t\t<img loading=\"lazy\" decoding=\"async\" width=\"819\" height=\"1024\" src=\"https:\/\/labenefica.org\/wp-content\/uploads\/2026\/08\/01-Benefilmica-Dia-3-1-819x1024.jpg\" class=\"attachment-large size-large wp-image-20904\" alt=\"\" srcset=\"https:\/\/labenefica.org\/wp-content\/uploads\/2026\/08\/01-Benefilmica-Dia-3-1-819x1024.jpg 819w, https:\/\/labenefica.org\/wp-content\/uploads\/2026\/08\/01-Benefilmica-Dia-3-1-240x300.jpg 240w, https:\/\/labenefica.org\/wp-content\/uploads\/2026\/08\/01-Benefilmica-Dia-3-1-768x960.jpg 768w, https:\/\/labenefica.org\/wp-content\/uploads\/2026\/08\/01-Benefilmica-Dia-3-1-1229x1536.jpg 1229w, https:\/\/labenefica.org\/wp-content\/uploads\/2026\/08\/01-Benefilmica-Dia-3-1-1638x2048.jpg 1638w, https:\/\/labenefica.org\/wp-content\/uploads\/2026\/08\/01-Benefilmica-Dia-3-1-1000x1250.jpg 1000w, https:\/\/labenefica.org\/wp-content\/uploads\/2026\/08\/01-Benefilmica-Dia-3-1.jpg 2000w\" sizes=\"(max-width: 819px) 100vw, 819px\" \/>\t\t\t\t\t\t\t\t\t\t\t\t\t\t\t<\/div>\n\t\t\t\t<\/div>\n\t\t\t\t\t<\/div>\n\t\t<\/div>\n\t\t\t\t\t<\/div>\n\t\t<\/section>\n\t\t\t\t<section class=\"elementor-section elementor-top-section elementor-element elementor-element-766e802 elementor-section-boxed elementor-section-height-default elementor-section-height-default qodef-elementor-content-no\" data-id=\"766e802\" data-element_type=\"section\" data-e-type=\"section\">\n\t\t\t\t\t\t<div class=\"elementor-container elementor-column-gap-default\">\n\t\t\t\t\t<div class=\"elementor-column elementor-col-100 elementor-top-column elementor-element elementor-element-0f44f0c\" data-id=\"0f44f0c\" data-element_type=\"column\" data-e-type=\"column\">\n\t\t\t<div class=\"elementor-widget-wrap\">\n\t\t\t\t\t\t\t<\/div>\n\t\t<\/div>\n\t\t\t\t\t<\/div>\n\t\t<\/section>\n\t\t\t\t<\/div>\n\t\t","protected":false},"excerpt":{"rendered":"<p>Esti setiembre llega a Pilo\u00f1a una iniciativa cultural que naz de dientro: un grupu de vecines y vecinos del conceyu, profesionales del cine n&#8217;activu, xunt\u00e1ronse pa pensar y organizar esta primer Muestra de cine. Una propuesta cinematogr\u00e1fica que se piensa, se curia y se calti\u00e9n dende&#8217;l propiu territoriu, col mesmu esp\u00edritu d&#8217;alcuentru y sofitu mutuu [&hellip;]<\/p>\n","protected":false},"author":1,"featured_media":20895,"comment_status":"closed","ping_status":"closed","sticky":false,"template":"","format":"standard","meta":{"_monsterinsights_skip_tracking":false,"footnotes":""},"categories":[126,131],"tags":[],"class_list":["post-20852","post","type-post","status-publish","format-standard","has-post-thumbnail","hentry","category-collaboraciones","category-programacion-cultural"],"aioseo_notices":[],"aioseo_head":"\n\t\t<!-- All in One SEO 5.0.1.1 - aioseo.com -->\n\t<meta name=\"description\" content=\"Esti setiembre llega a Pilo\u00f1a una iniciativa cultural que naz de dientro: un grupu de vecines y vecinos del conceyu, profesionales del cine n\u2019activu, xunt\u00e1ronse pa pensar y organizar esta primer Muestra de cine. Una propuesta cinematogr\u00e1fica que se piensa, se curia y se calti\u00e9n dende\u2019l propiu territoriu, col mesmu esp\u00edritu d\u2019alcuentru y sofitu mutuu\" \/>\n\t<meta name=\"robots\" content=\"max-image-preview:large\" \/>\n\t<meta name=\"author\" content=\"Llunik\"\/>\n\t<link rel=\"canonical\" href=\"https:\/\/labenefica.org\/ast\/muestra-de-cine-en-pilona-la-benefilmica\/\" \/>\n\t<meta name=\"generator\" content=\"All in One SEO (AIOSEO) 5.0.1.1\" \/>\n\t\t<meta property=\"og:locale\" content=\"en_US\" \/>\n\t\t<meta property=\"og:site_name\" content=\"La Ben\u00e9fica de Pilo\u00f1a | Espaciu Cultural\" \/>\n\t\t<meta property=\"og:type\" content=\"article\" \/>\n\t\t<meta property=\"og:title\" content=\"Muestra de cine en Pilo\u00f1a: La Benef\u00edlmica | La Ben\u00e9fica de Pilo\u00f1a\" \/>\n\t\t<meta property=\"og:description\" content=\"Esti setiembre llega a Pilo\u00f1a una iniciativa cultural que naz de dientro: un grupu de vecines y vecinos del conceyu, profesionales del cine n\u2019activu, xunt\u00e1ronse pa pensar y organizar esta primer Muestra de cine. Una propuesta cinematogr\u00e1fica que se piensa, se curia y se calti\u00e9n dende\u2019l propiu territoriu, col mesmu esp\u00edritu d\u2019alcuentru y sofitu mutuu\" \/>\n\t\t<meta property=\"og:url\" content=\"https:\/\/labenefica.org\/ast\/muestra-de-cine-en-pilona-la-benefilmica\/\" \/>\n\t\t<meta property=\"og:image\" content=\"https:\/\/labenefica.org\/wp-content\/uploads\/2026\/08\/00-Benefilmica-IG-Story.jpg\" \/>\n\t\t<meta property=\"og:image:secure_url\" content=\"https:\/\/labenefica.org\/wp-content\/uploads\/2026\/08\/00-Benefilmica-IG-Story.jpg\" \/>\n\t\t<meta property=\"og:image:width\" content=\"1080\" \/>\n\t\t<meta property=\"og:image:height\" content=\"1920\" \/>\n\t\t<meta property=\"article:published_time\" content=\"2026-08-14T13:00:00+00:00\" \/>\n\t\t<meta property=\"article:modified_time\" content=\"2026-08-27T16:27:18+00:00\" \/>\n\t\t<meta property=\"article:publisher\" content=\"https:\/\/www.facebook.com\/labeneficadepilona\" \/>\n\t\t<meta name=\"twitter:card\" content=\"summary\" \/>\n\t\t<meta name=\"twitter:title\" content=\"Muestra de cine en Pilo\u00f1a: La Benef\u00edlmica | La Ben\u00e9fica de Pilo\u00f1a\" \/>\n\t\t<meta name=\"twitter:description\" content=\"Esti setiembre llega a Pilo\u00f1a una iniciativa cultural que naz de dientro: un grupu de vecines y vecinos del conceyu, profesionales del cine n\u2019activu, xunt\u00e1ronse pa pensar y organizar esta primer Muestra de cine. Una propuesta cinematogr\u00e1fica que se piensa, se curia y se calti\u00e9n dende\u2019l propiu territoriu, col mesmu esp\u00edritu d\u2019alcuentru y sofitu mutuu\" \/>\n\t\t<meta name=\"twitter:image\" content=\"https:\/\/labenefica.org\/wp-content\/uploads\/2026\/08\/00-Benefilmica-IG-Story.jpg\" \/>\n\t\t<script type=\"application\/ld+json\" class=\"aioseo-schema\">\n\t\t\t{\"@context\":\"https:\\\/\\\/schema.org\",\"@graph\":[{\"@type\":\"BlogPosting\",\"@id\":\"https:\\\/\\\/labenefica.org\\\/ast\\\/muestra-de-cine-en-pilona-la-benefilmica\\\/#blogposting\",\"name\":\"Muestra de cine en Pilo\\u00f1a: La Benef\\u00edlmica | La Ben\\u00e9fica de Pilo\\u00f1a\",\"headline\":\"Muestra de cine en Pilo\\u00f1a: La Benef\\u00edlmica\",\"author\":{\"@id\":\"https:\\\/\\\/labenefica.org\\\/ast\\\/author\\\/llunik\\\/#author\"},\"publisher\":{\"@id\":\"https:\\\/\\\/labenefica.org\\\/ast\\\/#organization\"},\"image\":{\"@type\":\"ImageObject\",\"url\":\"https:\\\/\\\/labenefica.org\\\/wp-content\\\/uploads\\\/2026\\\/08\\\/00-Benefilmica-IG-Story.jpg\",\"width\":1080,\"height\":1920},\"datePublished\":\"2026-08-14T15:00:00+02:00\",\"dateModified\":\"2026-08-27T18:27:18+02:00\",\"inLanguage\":\"ast-ES\",\"mainEntityOfPage\":{\"@id\":\"https:\\\/\\\/labenefica.org\\\/ast\\\/muestra-de-cine-en-pilona-la-benefilmica\\\/#webpage\"},\"isPartOf\":{\"@id\":\"https:\\\/\\\/labenefica.org\\\/ast\\\/muestra-de-cine-en-pilona-la-benefilmica\\\/#webpage\"},\"articleSection\":\"Collaboraciones, Programaci\\u00f3n cultural, Optional\"},{\"@type\":\"BreadcrumbList\",\"@id\":\"https:\\\/\\\/labenefica.org\\\/ast\\\/muestra-de-cine-en-pilona-la-benefilmica\\\/#breadcrumblist\",\"itemListElement\":[{\"@type\":\"ListItem\",\"@id\":\"https:\\\/\\\/labenefica.org\\\/ast\\\/#listItem\",\"position\":1,\"name\":\"Inicio\",\"item\":\"https:\\\/\\\/labenefica.org\\\/ast\\\/\",\"nextItem\":{\"@type\":\"ListItem\",\"@id\":\"https:\\\/\\\/labenefica.org\\\/ast\\\/category\\\/collaboraciones\\\/#listItem\",\"name\":\"Collaboraciones\"}},{\"@type\":\"ListItem\",\"@id\":\"https:\\\/\\\/labenefica.org\\\/ast\\\/category\\\/collaboraciones\\\/#listItem\",\"position\":2,\"name\":\"Collaboraciones\",\"item\":\"https:\\\/\\\/labenefica.org\\\/ast\\\/category\\\/collaboraciones\\\/\",\"nextItem\":{\"@type\":\"ListItem\",\"@id\":\"https:\\\/\\\/labenefica.org\\\/ast\\\/muestra-de-cine-en-pilona-la-benefilmica\\\/#listItem\",\"name\":\"Muestra de cine en Pilo\\u00f1a: La Benef\\u00edlmica\"},\"previousItem\":{\"@type\":\"ListItem\",\"@id\":\"https:\\\/\\\/labenefica.org\\\/ast\\\/#listItem\",\"name\":\"Inicio\"}},{\"@type\":\"ListItem\",\"@id\":\"https:\\\/\\\/labenefica.org\\\/ast\\\/muestra-de-cine-en-pilona-la-benefilmica\\\/#listItem\",\"position\":3,\"name\":\"Muestra de cine en Pilo\\u00f1a: La Benef\\u00edlmica\",\"previousItem\":{\"@type\":\"ListItem\",\"@id\":\"https:\\\/\\\/labenefica.org\\\/ast\\\/category\\\/collaboraciones\\\/#listItem\",\"name\":\"Collaboraciones\"}}]},{\"@type\":\"Organization\",\"@id\":\"https:\\\/\\\/labenefica.org\\\/ast\\\/#organization\",\"name\":\"La Ben\\u00e9fica de Pilo\\u00f1a\",\"description\":\"Espaciu Cultural\",\"url\":\"https:\\\/\\\/labenefica.org\\\/ast\\\/\",\"sameAs\":[\"https:\\\/\\\/www.facebook.com\\\/labeneficadepilona\",\"https:\\\/\\\/www.instagram.com\\\/la_benefica_pilona\\\/\"]},{\"@type\":\"Person\",\"@id\":\"https:\\\/\\\/labenefica.org\\\/ast\\\/author\\\/llunik\\\/#author\",\"url\":\"https:\\\/\\\/labenefica.org\\\/ast\\\/author\\\/llunik\\\/\",\"name\":\"Llunik\",\"image\":{\"@type\":\"ImageObject\",\"@id\":\"https:\\\/\\\/labenefica.org\\\/ast\\\/muestra-de-cine-en-pilona-la-benefilmica\\\/#authorImage\",\"url\":\"https:\\\/\\\/secure.gravatar.com\\\/avatar\\\/260a75dfa406f4242668161e429de4ca053f2c5aa34ac0fd43992746193c32f3?s=96&d=mm&r=g\",\"width\":96,\"height\":96,\"caption\":\"Llunik\"}},{\"@type\":\"WebPage\",\"@id\":\"https:\\\/\\\/labenefica.org\\\/ast\\\/muestra-de-cine-en-pilona-la-benefilmica\\\/#webpage\",\"url\":\"https:\\\/\\\/labenefica.org\\\/ast\\\/muestra-de-cine-en-pilona-la-benefilmica\\\/\",\"name\":\"Muestra de cine en Pilo\\u00f1a: La Benef\\u00edlmica | La Ben\\u00e9fica de Pilo\\u00f1a\",\"description\":\"Esti setiembre llega a Pilo\\u00f1a una iniciativa cultural que naz de dientro: un grupu de vecines y vecinos del conceyu, profesionales del cine n\\u2019activu, xunt\\u00e1ronse pa pensar y organizar esta primer Muestra de cine. Una propuesta cinematogr\\u00e1fica que se piensa, se curia y se calti\\u00e9n dende\\u2019l propiu territoriu, col mesmu esp\\u00edritu d\\u2019alcuentru y sofitu mutuu\",\"inLanguage\":\"ast-ES\",\"isPartOf\":{\"@id\":\"https:\\\/\\\/labenefica.org\\\/ast\\\/#website\"},\"breadcrumb\":{\"@id\":\"https:\\\/\\\/labenefica.org\\\/ast\\\/muestra-de-cine-en-pilona-la-benefilmica\\\/#breadcrumblist\"},\"author\":{\"@id\":\"https:\\\/\\\/labenefica.org\\\/ast\\\/author\\\/llunik\\\/#author\"},\"creator\":{\"@id\":\"https:\\\/\\\/labenefica.org\\\/ast\\\/author\\\/llunik\\\/#author\"},\"image\":{\"@type\":\"ImageObject\",\"url\":\"https:\\\/\\\/labenefica.org\\\/wp-content\\\/uploads\\\/2026\\\/08\\\/00-Benefilmica-IG-Story.jpg\",\"@id\":\"https:\\\/\\\/labenefica.org\\\/ast\\\/muestra-de-cine-en-pilona-la-benefilmica\\\/#mainImage\",\"width\":1080,\"height\":1920},\"primaryImageOfPage\":{\"@id\":\"https:\\\/\\\/labenefica.org\\\/ast\\\/muestra-de-cine-en-pilona-la-benefilmica\\\/#mainImage\"},\"datePublished\":\"2026-08-14T15:00:00+02:00\",\"dateModified\":\"2026-08-27T18:27:18+02:00\"},{\"@type\":\"WebSite\",\"@id\":\"https:\\\/\\\/labenefica.org\\\/ast\\\/#website\",\"url\":\"https:\\\/\\\/labenefica.org\\\/ast\\\/\",\"name\":\"La Ben\\u00e9fica de Pilo\\u00f1a\",\"description\":\"Espaciu Cultural\",\"inLanguage\":\"ast-ES\",\"publisher\":{\"@id\":\"https:\\\/\\\/labenefica.org\\\/ast\\\/#organization\"}}]}\n\t\t<\/script>\n\t\t<!-- All in One SEO -->\n\n","aioseo_head_json":{"title":"Muestra de cine en Pilo\u00f1a: La Benef\u00edlmica | La Ben\u00e9fica de Pilo\u00f1a","description":"Esti setiembre llega a Pilo\u00f1a una iniciativa cultural que naz de dientro: un grupu de vecines y vecinos del conceyu, profesionales del cine n\u2019activu, xunt\u00e1ronse pa pensar y organizar esta primer Muestra de cine. Una propuesta cinematogr\u00e1fica que se piensa, se curia y se calti\u00e9n dende\u2019l propiu territoriu, col mesmu esp\u00edritu d\u2019alcuentru y sofitu mutuu","canonical_url":"https:\/\/labenefica.org\/ast\/muestra-de-cine-en-pilona-la-benefilmica\/","robots":"max-image-preview:large","keywords":"","webmasterTools":{"miscellaneous":""},"schema":{"@context":"https:\/\/schema.org","@graph":[{"@type":"BlogPosting","@id":"https:\/\/labenefica.org\/ast\/muestra-de-cine-en-pilona-la-benefilmica\/#blogposting","name":"Muestra de cine en Pilo\u00f1a: La Benef\u00edlmica | La Ben\u00e9fica de Pilo\u00f1a","headline":"Muestra de cine en Pilo\u00f1a: La Benef\u00edlmica","author":{"@id":"https:\/\/labenefica.org\/ast\/author\/llunik\/#author"},"publisher":{"@id":"https:\/\/labenefica.org\/ast\/#organization"},"image":{"@type":"ImageObject","url":"https:\/\/labenefica.org\/wp-content\/uploads\/2026\/08\/00-Benefilmica-IG-Story.jpg","width":1080,"height":1920},"datePublished":"2026-08-14T15:00:00+02:00","dateModified":"2026-08-27T18:27:18+02:00","inLanguage":"ast-ES","mainEntityOfPage":{"@id":"https:\/\/labenefica.org\/ast\/muestra-de-cine-en-pilona-la-benefilmica\/#webpage"},"isPartOf":{"@id":"https:\/\/labenefica.org\/ast\/muestra-de-cine-en-pilona-la-benefilmica\/#webpage"},"articleSection":"Collaboraciones, Programaci\u00f3n cultural, Optional"},{"@type":"BreadcrumbList","@id":"https:\/\/labenefica.org\/ast\/muestra-de-cine-en-pilona-la-benefilmica\/#breadcrumblist","itemListElement":[{"@type":"ListItem","@id":"https:\/\/labenefica.org\/ast\/#listItem","position":1,"name":"Inicio","item":"https:\/\/labenefica.org\/ast\/","nextItem":{"@type":"ListItem","@id":"https:\/\/labenefica.org\/ast\/category\/collaboraciones\/#listItem","name":"Collaboraciones"}},{"@type":"ListItem","@id":"https:\/\/labenefica.org\/ast\/category\/collaboraciones\/#listItem","position":2,"name":"Collaboraciones","item":"https:\/\/labenefica.org\/ast\/category\/collaboraciones\/","nextItem":{"@type":"ListItem","@id":"https:\/\/labenefica.org\/ast\/muestra-de-cine-en-pilona-la-benefilmica\/#listItem","name":"Muestra de cine en Pilo\u00f1a: La Benef\u00edlmica"},"previousItem":{"@type":"ListItem","@id":"https:\/\/labenefica.org\/ast\/#listItem","name":"Inicio"}},{"@type":"ListItem","@id":"https:\/\/labenefica.org\/ast\/muestra-de-cine-en-pilona-la-benefilmica\/#listItem","position":3,"name":"Muestra de cine en Pilo\u00f1a: La Benef\u00edlmica","previousItem":{"@type":"ListItem","@id":"https:\/\/labenefica.org\/ast\/category\/collaboraciones\/#listItem","name":"Collaboraciones"}}]},{"@type":"Organization","@id":"https:\/\/labenefica.org\/ast\/#organization","name":"La Ben\u00e9fica de Pilo\u00f1a","description":"Espaciu Cultural","url":"https:\/\/labenefica.org\/ast\/","sameAs":["https:\/\/www.facebook.com\/labeneficadepilona","https:\/\/www.instagram.com\/la_benefica_pilona\/"]},{"@type":"Person","@id":"https:\/\/labenefica.org\/ast\/author\/llunik\/#author","url":"https:\/\/labenefica.org\/ast\/author\/llunik\/","name":"Llunik","image":{"@type":"ImageObject","@id":"https:\/\/labenefica.org\/ast\/muestra-de-cine-en-pilona-la-benefilmica\/#authorImage","url":"https:\/\/secure.gravatar.com\/avatar\/260a75dfa406f4242668161e429de4ca053f2c5aa34ac0fd43992746193c32f3?s=96&d=mm&r=g","width":96,"height":96,"caption":"Llunik"}},{"@type":"WebPage","@id":"https:\/\/labenefica.org\/ast\/muestra-de-cine-en-pilona-la-benefilmica\/#webpage","url":"https:\/\/labenefica.org\/ast\/muestra-de-cine-en-pilona-la-benefilmica\/","name":"Muestra de cine en Pilo\u00f1a: La Benef\u00edlmica | La Ben\u00e9fica de Pilo\u00f1a","description":"Esti setiembre llega a Pilo\u00f1a una iniciativa cultural que naz de dientro: un grupu de vecines y vecinos del conceyu, profesionales del cine n\u2019activu, xunt\u00e1ronse pa pensar y organizar esta primer Muestra de cine. Una propuesta cinematogr\u00e1fica que se piensa, se curia y se calti\u00e9n dende\u2019l propiu territoriu, col mesmu esp\u00edritu d\u2019alcuentru y sofitu mutuu","inLanguage":"ast-ES","isPartOf":{"@id":"https:\/\/labenefica.org\/ast\/#website"},"breadcrumb":{"@id":"https:\/\/labenefica.org\/ast\/muestra-de-cine-en-pilona-la-benefilmica\/#breadcrumblist"},"author":{"@id":"https:\/\/labenefica.org\/ast\/author\/llunik\/#author"},"creator":{"@id":"https:\/\/labenefica.org\/ast\/author\/llunik\/#author"},"image":{"@type":"ImageObject","url":"https:\/\/labenefica.org\/wp-content\/uploads\/2026\/08\/00-Benefilmica-IG-Story.jpg","@id":"https:\/\/labenefica.org\/ast\/muestra-de-cine-en-pilona-la-benefilmica\/#mainImage","width":1080,"height":1920},"primaryImageOfPage":{"@id":"https:\/\/labenefica.org\/ast\/muestra-de-cine-en-pilona-la-benefilmica\/#mainImage"},"datePublished":"2026-08-14T15:00:00+02:00","dateModified":"2026-08-27T18:27:18+02:00"},{"@type":"WebSite","@id":"https:\/\/labenefica.org\/ast\/#website","url":"https:\/\/labenefica.org\/ast\/","name":"La Ben\u00e9fica de Pilo\u00f1a","description":"Espaciu Cultural","inLanguage":"ast-ES","publisher":{"@id":"https:\/\/labenefica.org\/ast\/#organization"}}]},"og:locale":"en_US","og:site_name":"La Ben\u00e9fica de Pilo\u00f1a | Espaciu Cultural","og:type":"article","og:title":"Muestra de cine en Pilo\u00f1a: La Benef\u00edlmica | La Ben\u00e9fica de Pilo\u00f1a","og:description":"Esti setiembre llega a Pilo\u00f1a una iniciativa cultural que naz de dientro: un grupu de vecines y vecinos del conceyu, profesionales del cine n\u2019activu, xunt\u00e1ronse pa pensar y organizar esta primer Muestra de cine. Una propuesta cinematogr\u00e1fica que se piensa, se curia y se calti\u00e9n dende\u2019l propiu territoriu, col mesmu esp\u00edritu d\u2019alcuentru y sofitu mutuu","og:url":"https:\/\/labenefica.org\/ast\/muestra-de-cine-en-pilona-la-benefilmica\/","og:image":"https:\/\/labenefica.org\/wp-content\/uploads\/2026\/08\/00-Benefilmica-IG-Story.jpg","og:image:secure_url":"https:\/\/labenefica.org\/wp-content\/uploads\/2026\/08\/00-Benefilmica-IG-Story.jpg","og:image:width":1080,"og:image:height":1920,"article:published_time":"2026-08-14T13:00:00+00:00","article:modified_time":"2026-08-27T16:27:18+00:00","article:publisher":"https:\/\/www.facebook.com\/labeneficadepilona","twitter:card":"summary","twitter:title":"Muestra de cine en Pilo\u00f1a: La Benef\u00edlmica | La Ben\u00e9fica de Pilo\u00f1a","twitter:description":"Esti setiembre llega a Pilo\u00f1a una iniciativa cultural que naz de dientro: un grupu de vecines y vecinos del conceyu, profesionales del cine n\u2019activu, xunt\u00e1ronse pa pensar y organizar esta primer Muestra de cine. Una propuesta cinematogr\u00e1fica que se piensa, se curia y se calti\u00e9n dende\u2019l propiu territoriu, col mesmu esp\u00edritu d\u2019alcuentru y sofitu mutuu","twitter:image":"https:\/\/labenefica.org\/wp-content\/uploads\/2026\/08\/00-Benefilmica-IG-Story.jpg"},"aioseo_meta_data":{"post_id":"20852","title":null,"description":null,"keywords":null,"keyphrases":{"focus":{"keyphrase":"","score":0,"analysis":{"keyphraseInTitle":{"score":0,"maxScore":9,"error":1}}},"additional":[]},"primary_term":null,"canonical_url":null,"og_title":null,"og_description":null,"og_object_type":"default","og_image_type":"default","og_image_url":null,"og_image_width":null,"og_image_height":null,"og_image_custom_url":null,"og_image_custom_fields":null,"og_video":"","og_custom_url":null,"og_article_section":null,"og_article_tags":null,"twitter_use_og":false,"twitter_card":"default","twitter_image_type":"default","twitter_image_url":null,"twitter_image_custom_url":null,"twitter_image_custom_fields":null,"twitter_title":null,"twitter_description":null,"schema":{"blockGraphs":[],"customGraphs":[],"default":{"data":{"Article":{"id":"aioseo-article-6373c823b29be","slug":"article","graphName":"Article","label":"Art\u00edculo","properties":{"type":"BlogPosting","name":"#post_title","headline":"#post_title","description":"#post_excerpt","image":"","keywords":"","author":{"name":"#author_name","url":"#author_url"},"dates":{"include":true,"datePublished":"","dateModified":""}}},"Course":[],"Dataset":[],"FAQPage":[],"Movie":[],"Person":[],"Product":[],"ProductReview":[],"Car":[],"Recipe":[],"Service":[],"SoftwareApplication":[],"WebPage":[]},"graphName":"BlogPosting","isEnabled":true},"graphs":[]},"schema_type":"default","schema_type_options":"{\"article\":{\"articleType\":\"BlogPosting\"},\"course\":{\"name\":\"\",\"description\":\"\",\"provider\":\"\"},\"faq\":{\"pages\":[]},\"product\":{\"reviews\":[]},\"recipe\":{\"ingredients\":[],\"instructions\":[],\"keywords\":[]},\"software\":{\"reviews\":[],\"operatingSystems\":[]},\"webPage\":{\"webPageType\":\"WebPage\"}}","pillar_content":false,"robots_default":true,"robots_noindex":false,"robots_noarchive":false,"robots_nosnippet":false,"robots_nofollow":false,"robots_noimageindex":false,"robots_noodp":false,"robots_notranslate":false,"robots_max_snippet":"-1","robots_max_videopreview":"-1","robots_max_imagepreview":"large","priority":null,"frequency":"default","local_seo":null,"breadcrumb_settings":null,"limit_modified_date":false,"ai":{"faqs":[],"keyPoints":[],"schemas":[],"titles":[],"descriptions":[],"socialPosts":{"email":{"subject":"","preview":"","content":""},"linkedin":[],"twitter":[],"facebook":[],"instagram":[]}},"created":"2026-08-13 15:19:29","updated":"2026-08-28 08:14:14","seo_analyzer_scan_date":null,"focus_keyword":null,"additional_keywords":null,"truseo_locale":null},"aioseo_breadcrumb":"<div class=\"aioseo-breadcrumbs\"><span class=\"aioseo-breadcrumb\">\n\t\t\t<a href=\"https:\/\/labenefica.org\/ast\/\" title=\"Inicio\">Inicio<\/a>\n\t\t<\/span><span class=\"aioseo-breadcrumb-separator\">&raquo;<\/span><span class=\"aioseo-breadcrumb\">\n\t\t\t<a href=\"https:\/\/labenefica.org\/ast\/category\/collaboraciones\/\" title=\"Collaboraciones\">Collaboraciones<\/a>\n\t\t<\/span><span class=\"aioseo-breadcrumb-separator\">&raquo;<\/span><span class=\"aioseo-breadcrumb\">\n\t\t\tMuestra de cine en Pilo\u00f1a: La Benef\u00edlmica\n\t\t<\/span><\/div>","aioseo_breadcrumb_json":[{"label":"Inicio","link":"https:\/\/labenefica.org\/ast\/"},{"label":"Collaboraciones","link":"https:\/\/labenefica.org\/ast\/category\/collaboraciones\/"},{"label":"Muestra de cine en Pilo\u00f1a: La Benef\u00edlmica","link":"https:\/\/labenefica.org\/ast\/muestra-de-cine-en-pilona-la-benefilmica\/"}],"_links":{"self":[{"href":"https:\/\/labenefica.org\/ast\/wp-json\/wp\/v2\/posts\/20852","targetHints":{"allow":["GET"]}}],"collection":[{"href":"https:\/\/labenefica.org\/ast\/wp-json\/wp\/v2\/posts"}],"about":[{"href":"https:\/\/labenefica.org\/ast\/wp-json\/wp\/v2\/types\/post"}],"author":[{"embeddable":true,"href":"https:\/\/labenefica.org\/ast\/wp-json\/wp\/v2\/users\/1"}],"replies":[{"embeddable":true,"href":"https:\/\/labenefica.org\/ast\/wp-json\/wp\/v2\/comments?post=20852"}],"version-history":[{"count":11,"href":"https:\/\/labenefica.org\/ast\/wp-json\/wp\/v2\/posts\/20852\/revisions"}],"predecessor-version":[{"id":21031,"href":"https:\/\/labenefica.org\/ast\/wp-json\/wp\/v2\/posts\/20852\/revisions\/21031"}],"wp:featuredmedia":[{"embeddable":true,"href":"https:\/\/labenefica.org\/ast\/wp-json\/wp\/v2\/media\/20895"}],"wp:attachment":[{"href":"https:\/\/labenefica.org\/ast\/wp-json\/wp\/v2\/media?parent=20852"}],"wp:term":[{"taxonomy":"category","embeddable":true,"href":"https:\/\/labenefica.org\/ast\/wp-json\/wp\/v2\/categories?post=20852"},{"taxonomy":"post_tag","embeddable":true,"href":"https:\/\/labenefica.org\/ast\/wp-json\/wp\/v2\/tags?post=20852"}],"curies":[{"name":"wp","href":"https:\/\/api.w.org\/{rel}","templated":true}]}}