{"id":17652,"date":"2026-01-24T22:29:46","date_gmt":"2026-01-24T20:29:46","guid":{"rendered":"https:\/\/labenefica.org\/?p=17652"},"modified":"2026-01-25T12:46:34","modified_gmt":"2026-01-25T10:46:34","slug":"enamoraes-de-el-remiendu","status":"publish","type":"post","link":"https:\/\/labenefica.org\/ast\/enamoraes-de-el-remiendu\/","title":{"rendered":"Enamoraes de El Remiendu"},"content":{"rendered":"\t\t<div data-elementor-type=\"wp-post\" data-elementor-id=\"17652\" class=\"elementor elementor-17652 elementor-17651\" data-elementor-post-type=\"post\">\n\t\t\t\t\t\t<section class=\"elementor-section elementor-top-section elementor-element elementor-element-56a384d elementor-section-boxed elementor-section-height-default elementor-section-height-default qodef-elementor-content-no\" data-id=\"56a384d\" data-element_type=\"section\" data-e-type=\"section\">\n\t\t\t\t\t\t<div class=\"elementor-container elementor-column-gap-default\">\n\t\t\t\t\t<div class=\"elementor-column elementor-col-50 elementor-top-column elementor-element elementor-element-74e7c3c\" data-id=\"74e7c3c\" data-element_type=\"column\" data-e-type=\"column\">\n\t\t\t<div class=\"elementor-widget-wrap elementor-element-populated\">\n\t\t\t\t\t\t<div class=\"elementor-element elementor-element-3161824 elementor-widget elementor-widget-image\" data-id=\"3161824\" data-element_type=\"widget\" data-e-type=\"widget\" data-widget_type=\"image.default\">\n\t\t\t\t<div class=\"elementor-widget-container\">\n\t\t\t\t\t\t\t\t\t\t\t\t\t\t\t<img fetchpriority=\"high\" decoding=\"async\" width=\"2000\" height=\"2500\" src=\"https:\/\/labenefica.org\/wp-content\/uploads\/2026\/01\/14F-Remiendu-IG.jpg\" class=\"attachment-full size-full wp-image-17657\" alt=\"\" srcset=\"https:\/\/labenefica.org\/wp-content\/uploads\/2026\/01\/14F-Remiendu-IG.jpg 2000w, https:\/\/labenefica.org\/wp-content\/uploads\/2026\/01\/14F-Remiendu-IG-240x300.jpg 240w, https:\/\/labenefica.org\/wp-content\/uploads\/2026\/01\/14F-Remiendu-IG-819x1024.jpg 819w, https:\/\/labenefica.org\/wp-content\/uploads\/2026\/01\/14F-Remiendu-IG-768x960.jpg 768w, https:\/\/labenefica.org\/wp-content\/uploads\/2026\/01\/14F-Remiendu-IG-1229x1536.jpg 1229w, https:\/\/labenefica.org\/wp-content\/uploads\/2026\/01\/14F-Remiendu-IG-1638x2048.jpg 1638w, https:\/\/labenefica.org\/wp-content\/uploads\/2026\/01\/14F-Remiendu-IG-1000x1250.jpg 1000w\" sizes=\"(max-width: 2000px) 100vw, 2000px\" \/>\t\t\t\t\t\t\t\t\t\t\t\t\t\t\t<\/div>\n\t\t\t\t<\/div>\n\t\t\t\t\t<\/div>\n\t\t<\/div>\n\t\t\t\t<div class=\"elementor-column elementor-col-50 elementor-top-column elementor-element elementor-element-98b1da4\" data-id=\"98b1da4\" data-element_type=\"column\" data-e-type=\"column\">\n\t\t\t<div class=\"elementor-widget-wrap elementor-element-populated\">\n\t\t\t\t\t\t<div class=\"elementor-element elementor-element-9df890f elementor-widget elementor-widget-heading\" data-id=\"9df890f\" data-element_type=\"widget\" data-e-type=\"widget\" data-widget_type=\"heading.default\">\n\t\t\t\t<div class=\"elementor-widget-container\">\n\t\t\t\t\t<h2 class=\"elementor-heading-title elementor-size-default\">Menos drama,<br>m\u00e1s arreglu<\/h2>\t\t\t\t<\/div>\n\t\t\t\t<\/div>\n\t\t\t\t<div class=\"elementor-element elementor-element-f5a3356 elementor-widget__width-initial elementor-widget elementor-widget-text-editor\" data-id=\"f5a3356\" data-element_type=\"widget\" data-e-type=\"widget\" data-widget_type=\"text-editor.default\">\n\t\t\t\t<div class=\"elementor-widget-container\">\n\t\t\t\t\t\t\t\t\t<p><span style=\"font-weight: 400;\">Esti San Valent\u00edn fae un favor (a ti y al armariu) y fae huecu a lo nuevu. Ye\u2019l momentu de despedite d\u2019esa camiseta olvidada de tu ex que nun te atreves a tirar. S\u00ed, esa mesma. La que sigue ell\u00ed, ocupando espaciu y recuerdos innecesarios.<br>   <\/span><\/p><p><span style=\"font-weight: 400;\">Y ya que t\u00e1s\u2026 trae tami\u00e9n esi llibru que xuraste devolver y nunca volvi\u00f3 a casa, esa l\u00e1mpara hortera que sobrevivi\u00f3 a m\u00e1s mudances que\u2019l tu corazon\u00edn, esos pantalones que nun t\u2019entren dende va a\u00f1os pero sigues guardando \u201cpor si acasu\u201d. <\/span><i><span style=\"font-weight: 400;\">Spoiler:<\/span><\/i> <span style=\"font-weight: 400;\">nun va pasar.<\/span><\/p><p><span style=\"font-weight: 400;\">S\u00faperalo. V\u00e9ndelos. Deixa que otra persona s\u2019enamore d\u2019ellos. T\u00fa sales ganando, elles tami\u00e9n.   <\/span><\/p><p><span style=\"font-weight: 400;\">Porque soltar ye sanu. Cargar con trastos que solu estorben, non. Qui\u00e9rete un pocu, d\u00e9xalo dir y fai sitiu pa coses que te fagan dicir: \u201cs\u00ed, quiero\u201d.  <\/span><\/p>\t\t\t\t\t\t\t\t<\/div>\n\t\t\t\t<\/div>\n\t\t\t\t\t<\/div>\n\t\t<\/div>\n\t\t\t\t\t<\/div>\n\t\t<\/section>\n\t\t\t\t<section class=\"elementor-section elementor-top-section elementor-element elementor-element-f8cca9b elementor-section-boxed elementor-section-height-default elementor-section-height-default qodef-elementor-content-no\" data-id=\"f8cca9b\" data-element_type=\"section\" data-e-type=\"section\">\n\t\t\t\t\t\t<div class=\"elementor-container elementor-column-gap-default\">\n\t\t\t\t\t<div class=\"elementor-column elementor-col-100 elementor-top-column elementor-element elementor-element-1b6e124\" data-id=\"1b6e124\" data-element_type=\"column\" data-e-type=\"column\">\n\t\t\t<div class=\"elementor-widget-wrap elementor-element-populated\">\n\t\t\t\t\t\t<div class=\"elementor-element elementor-element-fea65c0 elementor-widget elementor-widget-heading\" data-id=\"fea65c0\" data-element_type=\"widget\" data-e-type=\"widget\" data-widget_type=\"heading.default\">\n\t\t\t\t<div class=\"elementor-widget-container\">\n\t\t\t\t\t<h2 class=\"elementor-heading-title elementor-size-default\">Merc\u00e1u de segunda mano en La Ben\u00e9fica<\/h2>\t\t\t\t<\/div>\n\t\t\t\t<\/div>\n\t\t\t\t<div class=\"elementor-element elementor-element-f127f2e elementor-widget__width-initial elementor-widget elementor-widget-text-editor\" data-id=\"f127f2e\" data-element_type=\"widget\" data-e-type=\"widget\" data-widget_type=\"text-editor.default\">\n\t\t\t\t<div class=\"elementor-widget-container\">\n\t\t\t\t\t\t\t\t\t<p><b>Enamoraes de El Remiendu<\/b><span style=\"font-weight: 400;\"> ye un merc\u00e1u de segunda mano pa reciclar, remendar, compartir saberes y rirnos un poco del amor rom\u00e1nticu y del consumu ensin sent\u00edu. Un d\u00eda pa dar segundes oportunidaes: a les coses\u2026 y a n\u00f3s mesmes. <\/span><\/p><ul><li style=\"list-style-type: none;\"><ul><li><span style=\"font-weight: 400;\">\ud83d\udccd La Ben\u00e9fica (Infiesto)<\/span><\/li><li><span style=\"font-weight: 400;\">\ud83d\udcc5 S\u00e1badu, 14 de febreru<\/span><\/li><li><span style=\"font-weight: 400;\">\ud83c\udf9f\ufe0f Entrada de baldre tol d\u00eda<\/span><\/li><\/ul><\/li><\/ul><p><span style=\"font-weight: 400;\">Y s\u00ed: va haber comida nel recintu, que reciclar abre munchu l\u2019apetitu. <br><\/span><\/p><p><span style=\"font-weight: 400;\">Los menores d\u2019ed\u00e1 son super bienven\u00edos, si son menores de 12 a\u00f1os preferiblemente acompa\u00f1aos d\u2019un adulto.<\/span><\/p><p><span style=\"font-weight: 400;\">Si tienes un animal\u00edn peludu al cargo (nos referimos sobremanera a perros) ten en cuenta que nun va poder entrar nel recintu.<\/span><\/p>\t\t\t\t\t\t\t\t<\/div>\n\t\t\t\t<\/div>\n\t\t\t\t\t<\/div>\n\t\t<\/div>\n\t\t\t\t\t<\/div>\n\t\t<\/section>\n\t\t\t\t<section class=\"elementor-section elementor-top-section elementor-element elementor-element-9a1336f elementor-section-boxed elementor-section-height-default elementor-section-height-default qodef-elementor-content-no\" data-id=\"9a1336f\" data-element_type=\"section\" data-e-type=\"section\">\n\t\t\t\t\t\t<div class=\"elementor-container elementor-column-gap-default\">\n\t\t\t\t\t<div class=\"elementor-column elementor-col-100 elementor-top-column elementor-element elementor-element-f1dcdec\" data-id=\"f1dcdec\" data-element_type=\"column\" data-e-type=\"column\">\n\t\t\t<div class=\"elementor-widget-wrap elementor-element-populated\">\n\t\t\t\t\t\t<div class=\"elementor-element elementor-element-5dd61be elementor-widget elementor-widget-heading\" data-id=\"5dd61be\" data-element_type=\"widget\" data-e-type=\"widget\" data-widget_type=\"heading.default\">\n\t\t\t\t<div class=\"elementor-widget-container\">\n\t\t\t\t\t<h2 class=\"elementor-heading-title elementor-size-default\">Programa del d\u00eda (pa que nun te pierdas)<\/h2>\t\t\t\t<\/div>\n\t\t\t\t<\/div>\n\t\t\t\t<div class=\"elementor-element elementor-element-6b5375b elementor-widget__width-initial elementor-widget elementor-widget-text-editor\" data-id=\"6b5375b\" data-element_type=\"widget\" data-e-type=\"widget\" data-widget_type=\"text-editor.default\">\n\t\t\t\t<div class=\"elementor-widget-container\">\n\t\t\t\t\t\t\t\t\t<ul><li style=\"list-style-type: none;\"><ul><li><b>11:00 \u00b7<\/b><span style=\"font-weight: 400;\"> Apertura del merc\u00e1u<\/span><span style=\"font-weight: 400;\"><br><\/span> <b>11:30 \u2013 13:00 \u00b7<\/b><span style=\"font-weight: 400;\"> Mesa redonda: Moda sostenible, reutilizaci\u00f3n y tradici\u00f3n<\/span><span style=\"font-weight: 400;\"><br><\/span><span style=\"font-weight: 400;\"> Con Raxada Project, Resastre y Loli, vecina de Llozana<\/span><\/li><li><b>13:30 \u2013 14:30 \u00b7<\/b><span style=\"font-weight: 400;\"> Taller d&#8217;iniciaci\u00f3n a la costura<\/span><span style=\"font-weight: 400;\"><br><\/span><span style=\"font-weight: 400;\"> (puntos b\u00e1sicos, remiendos y retales). A partir de 12 a\u00f1os <\/span><\/li><li><b>16:00 \u2013 17:00 \u00b7<\/b><span style=\"font-weight: 400;\"> Taller d\u2019estampaci\u00f3n textil, primer turno<\/span><span style=\"font-weight: 400;\"><br><\/span><span style=\"font-weight: 400;\"> (parches y customizaci\u00f3n), impart\u00edu por Covadonga Ilustra. A partir de 7 a\u00f1os <\/span><\/li><li><b>17:30 \u2013 18:30 \u00b7<\/b><span style=\"font-weight: 400;\"> Taller d&#8217;estampaci\u00f3n textil, segundu turno<\/span><span style=\"font-weight: 400;\"><br><\/span><span style=\"font-weight: 400;\"> (parches y customizaci\u00f3n), impart\u00edu por Covadonga Ilustra. A partir de 7 a\u00f1os <\/span><\/li><li><b>19:00 \u00b7<\/b><span style=\"font-weight: 400;\"> Cierre (col coraz\u00f3n m\u00e1s ligeru y la bolsa m\u00e1s enllena)<\/span><\/li><\/ul><\/li><\/ul>\t\t\t\t\t\t\t\t<\/div>\n\t\t\t\t<\/div>\n\t\t\t\t\t<\/div>\n\t\t<\/div>\n\t\t\t\t\t<\/div>\n\t\t<\/section>\n\t\t\t\t<section class=\"elementor-section elementor-top-section elementor-element elementor-element-5a47dd5 elementor-section-boxed elementor-section-height-default elementor-section-height-default qodef-elementor-content-no\" data-id=\"5a47dd5\" data-element_type=\"section\" data-e-type=\"section\">\n\t\t\t\t\t\t<div class=\"elementor-container elementor-column-gap-default\">\n\t\t\t\t\t<div class=\"elementor-column elementor-col-100 elementor-top-column elementor-element elementor-element-c898081\" data-id=\"c898081\" data-element_type=\"column\" data-e-type=\"column\">\n\t\t\t<div class=\"elementor-widget-wrap elementor-element-populated\">\n\t\t\t\t\t\t<div class=\"elementor-element elementor-element-54fb09b elementor-widget elementor-widget-heading\" data-id=\"54fb09b\" data-element_type=\"widget\" data-e-type=\"widget\" data-widget_type=\"heading.default\">\n\t\t\t\t<div class=\"elementor-widget-container\">\n\t\t\t\t\t<h2 class=\"elementor-heading-title elementor-size-default\">\u00bfQuies poner puestu?<\/h2>\t\t\t\t<\/div>\n\t\t\t\t<\/div>\n\t\t\t\t<div class=\"elementor-element elementor-element-77791c1 elementor-widget__width-initial elementor-widget elementor-widget-text-editor\" data-id=\"77791c1\" data-element_type=\"widget\" data-e-type=\"widget\" data-widget_type=\"text-editor.default\">\n\t\t\t\t<div class=\"elementor-widget-container\">\n\t\t\t\t\t\t\t\t\t<p><span style=\"font-weight: 400;\">Hai convocatoria abierta pa puestos del 26 de xineru al 8 de febreru.<\/span><span style=\"font-weight: 400;\"><br><\/span><span style=\"font-weight: 400;\"> \ud83d\udc49 Tola informaci\u00f3n y el formulariu d&#8217;inscripci\u00f3n tan disponibles en <\/span><strong><a href=\"https:\/\/docs.google.com\/forms\/d\/e\/1FAIpQLScktXA9tIyIIOOueMwMnILTE_hgyv9pMhjh1Ufkcr-MSb0Oeg\/viewform\">nesti enllaz.<\/a><\/strong><\/p>\t\t\t\t\t\t\t\t<\/div>\n\t\t\t\t<\/div>\n\t\t\t\t\t<\/div>\n\t\t<\/div>\n\t\t\t\t\t<\/div>\n\t\t<\/section>\n\t\t\t\t<section class=\"elementor-section elementor-top-section elementor-element elementor-element-2ff1265 elementor-section-boxed elementor-section-height-default elementor-section-height-default qodef-elementor-content-no\" data-id=\"2ff1265\" data-element_type=\"section\" data-e-type=\"section\">\n\t\t\t\t\t\t<div class=\"elementor-container elementor-column-gap-default\">\n\t\t\t\t\t<div class=\"elementor-column elementor-col-100 elementor-top-column elementor-element elementor-element-8b3f9a0\" data-id=\"8b3f9a0\" data-element_type=\"column\" data-e-type=\"column\">\n\t\t\t<div class=\"elementor-widget-wrap elementor-element-populated\">\n\t\t\t\t\t\t<div class=\"elementor-element elementor-element-923bd7f elementor-widget elementor-widget-heading\" data-id=\"923bd7f\" data-element_type=\"widget\" data-e-type=\"widget\" data-widget_type=\"heading.default\">\n\t\t\t\t<div class=\"elementor-widget-container\">\n\t\t\t\t\t<h2 class=\"elementor-heading-title elementor-size-default\">\u00bfY los talleres?<\/h2>\t\t\t\t<\/div>\n\t\t\t\t<\/div>\n\t\t\t\t<div class=\"elementor-element elementor-element-70e3cb6 elementor-widget__width-initial elementor-widget elementor-widget-text-editor\" data-id=\"70e3cb6\" data-element_type=\"widget\" data-e-type=\"widget\" data-widget_type=\"text-editor.default\">\n\t\t\t\t<div class=\"elementor-widget-container\">\n\t\t\t\t\t\t\t\t\t<p><span style=\"font-weight: 400;\">Pa los talleres ye necesario apuntase previamente.<\/span><span style=\"font-weight: 400;\"><br><\/span><span style=\"font-weight: 400;\"> Les inscripciones faense a trav\u00e9s de los enllace<\/span><\/p><ul><li style=\"font-weight: 400;\" aria-level=\"1\"><a href=\"https:\/\/forms.gle\/aXfeTA59pgcjwsZp9\"><strong>Taller de costura<\/strong><\/a> <\/li><li style=\"font-weight: 400;\" aria-level=\"1\"><a href=\"https:\/\/forms.gle\/2zYS9pqESz5qviR1A\"><span style=\"font-weight: 400;\"><strong>Taller d&#8217;estampaci\u00f3n textil<\/strong><\/span><\/a><span style=\"font-weight: 400;\"> con <\/span><strong><a href=\"https:\/\/www.instagram.com\/covadonga_ilustra\/\">Covadonga Ilustra<\/a> <\/strong> <\/li><\/ul><p>Les places son llend\u00e1es, asina que nun lo dexes pa ma\u00f1ana (como esi pantal\u00f3n que nunca volviste probar).<\/p>\t\t\t\t\t\t\t\t<\/div>\n\t\t\t\t<\/div>\n\t\t\t\t\t<\/div>\n\t\t<\/div>\n\t\t\t\t\t<\/div>\n\t\t<\/section>\n\t\t\t\t<section class=\"elementor-section elementor-top-section elementor-element elementor-element-a5fff1e elementor-section-boxed elementor-section-height-default elementor-section-height-default qodef-elementor-content-no\" data-id=\"a5fff1e\" data-element_type=\"section\" data-e-type=\"section\">\n\t\t\t\t\t\t<div class=\"elementor-container elementor-column-gap-default\">\n\t\t\t\t\t<div class=\"elementor-column elementor-col-100 elementor-top-column elementor-element elementor-element-18578e9\" data-id=\"18578e9\" data-element_type=\"column\" data-e-type=\"column\">\n\t\t\t<div class=\"elementor-widget-wrap elementor-element-populated\">\n\t\t\t\t\t\t<div class=\"elementor-element elementor-element-6c71cca elementor-widget elementor-widget-heading\" data-id=\"6c71cca\" data-element_type=\"widget\" data-e-type=\"widget\" data-widget_type=\"heading.default\">\n\t\t\t\t<div class=\"elementor-widget-container\">\n\t\t\t\t\t<h2 class=\"elementor-heading-title elementor-size-default\">Ven, recicla, enam\u00f3rate otra vez<\/h2>\t\t\t\t<\/div>\n\t\t\t\t<\/div>\n\t\t\t\t<div class=\"elementor-element elementor-element-3fd941c elementor-widget__width-initial elementor-widget elementor-widget-text-editor\" data-id=\"3fd941c\" data-element_type=\"widget\" data-e-type=\"widget\" data-widget_type=\"text-editor.default\">\n\t\t\t\t<div class=\"elementor-widget-container\">\n\t\t\t\t\t\t\t\t\t<p><span style=\"font-weight: 400;\">Vente esti s\u00e1badu al merc\u00e1u. Igual vendes algo que ya nun ye pa ti. Igual atopas eso que llevabes tiempu buscando. Igual nam\u00e1s pasas un bon d\u00eda, que tampocu ta mal.   <\/span><\/p>\t\t\t\t\t\t\t\t<\/div>\n\t\t\t\t<\/div>\n\t\t\t\t\t<\/div>\n\t\t<\/div>\n\t\t\t\t\t<\/div>\n\t\t<\/section>\n\t\t\t\t<\/div>\n\t\t","protected":false},"excerpt":{"rendered":"<p>Menos drama,m\u00e1s arreglu Esti San Valent\u00edn fae un favor (a ti y al armariu) y fae huecu a lo nuevu. Ye\u2019l momentu de despedite d\u2019esa camiseta olvidada de tu ex que nun te atreves a tirar. S\u00ed, esa mesma. La que sigue ell\u00ed, ocupando espaciu y recuerdos innecesarios. Y ya que t\u00e1s\u2026 trae tami\u00e9n esi [&hellip;]<\/p>\n","protected":false},"author":1,"featured_media":17666,"comment_status":"closed","ping_status":"closed","sticky":false,"template":"","format":"standard","meta":{"_monsterinsights_skip_tracking":false,"_monsterinsights_sitenote_active":false,"_monsterinsights_sitenote_note":"","_monsterinsights_sitenote_category":0,"footnotes":""},"categories":[122],"tags":[],"class_list":["post-17652","post","type-post","status-publish","format-standard","has-post-thumbnail","hentry","category-programacion-cultural-2"],"aioseo_notices":[],"_links":{"self":[{"href":"https:\/\/labenefica.org\/ast\/wp-json\/wp\/v2\/posts\/17652","targetHints":{"allow":["GET"]}}],"collection":[{"href":"https:\/\/labenefica.org\/ast\/wp-json\/wp\/v2\/posts"}],"about":[{"href":"https:\/\/labenefica.org\/ast\/wp-json\/wp\/v2\/types\/post"}],"author":[{"embeddable":true,"href":"https:\/\/labenefica.org\/ast\/wp-json\/wp\/v2\/users\/1"}],"replies":[{"embeddable":true,"href":"https:\/\/labenefica.org\/ast\/wp-json\/wp\/v2\/comments?post=17652"}],"version-history":[{"count":3,"href":"https:\/\/labenefica.org\/ast\/wp-json\/wp\/v2\/posts\/17652\/revisions"}],"predecessor-version":[{"id":17669,"href":"https:\/\/labenefica.org\/ast\/wp-json\/wp\/v2\/posts\/17652\/revisions\/17669"}],"wp:featuredmedia":[{"embeddable":true,"href":"https:\/\/labenefica.org\/ast\/wp-json\/wp\/v2\/media\/17666"}],"wp:attachment":[{"href":"https:\/\/labenefica.org\/ast\/wp-json\/wp\/v2\/media?parent=17652"}],"wp:term":[{"taxonomy":"category","embeddable":true,"href":"https:\/\/labenefica.org\/ast\/wp-json\/wp\/v2\/categories?post=17652"},{"taxonomy":"post_tag","embeddable":true,"href":"https:\/\/labenefica.org\/ast\/wp-json\/wp\/v2\/tags?post=17652"}],"curies":[{"name":"wp","href":"https:\/\/api.w.org\/{rel}","templated":true}]}}