{"id":17604,"date":"2026-01-22T11:22:08","date_gmt":"2026-01-22T09:22:08","guid":{"rendered":"https:\/\/labenefica.org\/?p=17604"},"modified":"2026-01-22T11:24:27","modified_gmt":"2026-01-22T09:24:27","slug":"cursos-de-baille-y-teatru","status":"publish","type":"post","link":"https:\/\/labenefica.org\/ast\/cursos-de-baille-y-teatru\/","title":{"rendered":"Cursos de baille y teatru"},"content":{"rendered":"\t\t<div data-elementor-type=\"wp-post\" data-elementor-id=\"17604\" class=\"elementor elementor-17604 elementor-17603\" data-elementor-post-type=\"post\">\n\t\t\t\t\t\t<section class=\"elementor-section elementor-top-section elementor-element elementor-element-9d26597 elementor-section-boxed elementor-section-height-default elementor-section-height-default qodef-elementor-content-no\" data-id=\"9d26597\" data-element_type=\"section\" data-e-type=\"section\">\n\t\t\t\t\t\t<div class=\"elementor-container elementor-column-gap-default\">\n\t\t\t\t\t<div class=\"elementor-column elementor-col-100 elementor-top-column elementor-element elementor-element-dcc95cc\" data-id=\"dcc95cc\" data-element_type=\"column\" data-e-type=\"column\">\n\t\t\t<div class=\"elementor-widget-wrap elementor-element-populated\">\n\t\t\t\t\t\t<div class=\"elementor-element elementor-element-f5a3356 elementor-widget__width-initial elementor-widget elementor-widget-text-editor\" data-id=\"f5a3356\" data-element_type=\"widget\" data-e-type=\"widget\" data-widget_type=\"text-editor.default\">\n\t\t\t\t<div class=\"elementor-widget-container\">\n\t\t\t\t\t\t\t\t\t<p>Ye verd\u00e1 qu\u2019en La Ben\u00e9fica solemos tener eventos puntuales, pero tami\u00e9n contamos con cursos de continuid\u00e1 nos que poder venos les cares guapes toles selmanes. <br> <\/p><p><span style=\"font-size: inherit; font-style: inherit; font-weight: inherit; letter-spacing: inherit; text-transform: inherit;\">2026 empez\u00e1moslo fuerte y d\u00e1mos-y vida a una propuesta nueva: L\u2019ESTAME \u00a1un espaciu de creaci\u00f3n teatral!<br><\/span><\/p>\t\t\t\t\t\t\t\t<\/div>\n\t\t\t\t<\/div>\n\t\t\t\t\t<\/div>\n\t\t<\/div>\n\t\t\t\t\t<\/div>\n\t\t<\/section>\n\t\t\t\t<section class=\"elementor-section elementor-top-section elementor-element elementor-element-56a384d elementor-section-boxed elementor-section-height-default elementor-section-height-default qodef-elementor-content-no\" data-id=\"56a384d\" data-element_type=\"section\" data-e-type=\"section\">\n\t\t\t\t\t\t<div class=\"elementor-container elementor-column-gap-default\">\n\t\t\t\t\t<div class=\"elementor-column elementor-col-50 elementor-top-column elementor-element elementor-element-74e7c3c\" data-id=\"74e7c3c\" data-element_type=\"column\" data-e-type=\"column\">\n\t\t\t<div class=\"elementor-widget-wrap elementor-element-populated\">\n\t\t\t\t\t\t<div class=\"elementor-element elementor-element-3161824 elementor-widget elementor-widget-image\" data-id=\"3161824\" data-element_type=\"widget\" data-e-type=\"widget\" data-widget_type=\"image.default\">\n\t\t\t\t<div class=\"elementor-widget-container\">\n\t\t\t\t\t\t\t\t\t\t\t\t\t\t\t<img fetchpriority=\"high\" decoding=\"async\" width=\"2000\" height=\"2500\" src=\"https:\/\/labenefica.org\/wp-content\/uploads\/2026\/01\/Baille-Pandereta-IG.jpg\" class=\"attachment-full size-full wp-image-17609\" alt=\"\" srcset=\"https:\/\/labenefica.org\/wp-content\/uploads\/2026\/01\/Baille-Pandereta-IG.jpg 2000w, https:\/\/labenefica.org\/wp-content\/uploads\/2026\/01\/Baille-Pandereta-IG-240x300.jpg 240w, https:\/\/labenefica.org\/wp-content\/uploads\/2026\/01\/Baille-Pandereta-IG-819x1024.jpg 819w, https:\/\/labenefica.org\/wp-content\/uploads\/2026\/01\/Baille-Pandereta-IG-768x960.jpg 768w, https:\/\/labenefica.org\/wp-content\/uploads\/2026\/01\/Baille-Pandereta-IG-1229x1536.jpg 1229w, https:\/\/labenefica.org\/wp-content\/uploads\/2026\/01\/Baille-Pandereta-IG-1638x2048.jpg 1638w, https:\/\/labenefica.org\/wp-content\/uploads\/2026\/01\/Baille-Pandereta-IG-1000x1250.jpg 1000w\" sizes=\"(max-width: 2000px) 100vw, 2000px\" \/>\t\t\t\t\t\t\t\t\t\t\t\t\t\t\t<\/div>\n\t\t\t\t<\/div>\n\t\t\t\t\t<\/div>\n\t\t<\/div>\n\t\t\t\t<div class=\"elementor-column elementor-col-50 elementor-top-column elementor-element elementor-element-98b1da4\" data-id=\"98b1da4\" data-element_type=\"column\" data-e-type=\"column\">\n\t\t\t<div class=\"elementor-widget-wrap elementor-element-populated\">\n\t\t\t\t\t\t<div class=\"elementor-element elementor-element-b32f42b elementor-widget elementor-widget-image\" data-id=\"b32f42b\" data-element_type=\"widget\" data-e-type=\"widget\" data-widget_type=\"image.default\">\n\t\t\t\t<div class=\"elementor-widget-container\">\n\t\t\t\t\t\t\t\t\t\t\t\t\t\t\t<img decoding=\"async\" width=\"2000\" height=\"2500\" src=\"https:\/\/labenefica.org\/wp-content\/uploads\/2026\/01\/Teatru-IG.jpg\" class=\"attachment-full size-full wp-image-17608\" alt=\"\" srcset=\"https:\/\/labenefica.org\/wp-content\/uploads\/2026\/01\/Teatru-IG.jpg 2000w, https:\/\/labenefica.org\/wp-content\/uploads\/2026\/01\/Teatru-IG-240x300.jpg 240w, https:\/\/labenefica.org\/wp-content\/uploads\/2026\/01\/Teatru-IG-819x1024.jpg 819w, https:\/\/labenefica.org\/wp-content\/uploads\/2026\/01\/Teatru-IG-768x960.jpg 768w, https:\/\/labenefica.org\/wp-content\/uploads\/2026\/01\/Teatru-IG-1229x1536.jpg 1229w, https:\/\/labenefica.org\/wp-content\/uploads\/2026\/01\/Teatru-IG-1638x2048.jpg 1638w, https:\/\/labenefica.org\/wp-content\/uploads\/2026\/01\/Teatru-IG-1000x1250.jpg 1000w\" sizes=\"(max-width: 2000px) 100vw, 2000px\" \/>\t\t\t\t\t\t\t\t\t\t\t\t\t\t\t<\/div>\n\t\t\t\t<\/div>\n\t\t\t\t\t<\/div>\n\t\t<\/div>\n\t\t\t\t\t<\/div>\n\t\t<\/section>\n\t\t\t\t<section class=\"elementor-section elementor-top-section elementor-element elementor-element-a0f72d9 elementor-section-boxed elementor-section-height-default elementor-section-height-default qodef-elementor-content-no\" data-id=\"a0f72d9\" data-element_type=\"section\" data-e-type=\"section\">\n\t\t\t\t\t\t<div class=\"elementor-container elementor-column-gap-default\">\n\t\t\t\t\t<div class=\"elementor-column elementor-col-100 elementor-top-column elementor-element elementor-element-abeb2cd\" data-id=\"abeb2cd\" data-element_type=\"column\" data-e-type=\"column\">\n\t\t\t<div class=\"elementor-widget-wrap elementor-element-populated\">\n\t\t\t\t\t\t<div class=\"elementor-element elementor-element-fea501b elementor-widget__width-initial elementor-widget elementor-widget-text-editor\" data-id=\"fea501b\" data-element_type=\"widget\" data-e-type=\"widget\" data-widget_type=\"text-editor.default\">\n\t\t\t\t<div class=\"elementor-widget-container\">\n\t\t\t\t\t\t\t\t\t<p><b>Sergio Mart\u00ednez Vila, <\/b><span style=\"font-weight: 400;\">dramaturgu, escritor y director, va guiar al grupu a crear una <\/span><b>pieza teatral colectiva<\/b><span style=\"font-weight: 400;\"> na que se reflexen les esmoliciones y motivaciones de los y les participantes. La maxa va dase  <\/span><b>los mi\u00e9rcoles, de 19 a 21.30 ente xineru y mayu<\/b><span style=\"font-weight: 400;\">, en La Ben\u00e9fica de Pilo\u00f1a. Ye una <\/span> <b>activid\u00e1 de baldre<\/b> <span style=\"font-weight: 400;\">na que nun fai falta esperiencia, pero s\u00ed ganes de pasalo bien y empezar a xugar cola creativid\u00e1 y la imaxinaci\u00f3n nesti<\/span> <b>espaciu de creaci\u00f3n esc\u00e9nica.<\/b> <\/p>\t\t\t\t\t\t\t\t<\/div>\n\t\t\t\t<\/div>\n\t\t\t\t\t<\/div>\n\t\t<\/div>\n\t\t\t\t\t<\/div>\n\t\t<\/section>\n\t\t\t\t<section class=\"elementor-section elementor-top-section elementor-element elementor-element-f8cca9b elementor-section-boxed elementor-section-height-default elementor-section-height-default qodef-elementor-content-no\" data-id=\"f8cca9b\" data-element_type=\"section\" data-e-type=\"section\">\n\t\t\t\t\t\t<div class=\"elementor-container elementor-column-gap-default\">\n\t\t\t\t\t<div class=\"elementor-column elementor-col-100 elementor-top-column elementor-element elementor-element-1b6e124\" data-id=\"1b6e124\" data-element_type=\"column\" data-e-type=\"column\">\n\t\t\t<div class=\"elementor-widget-wrap elementor-element-populated\">\n\t\t\t\t\t\t<div class=\"elementor-element elementor-element-9df890f elementor-widget elementor-widget-heading\" data-id=\"9df890f\" data-element_type=\"widget\" data-e-type=\"widget\" data-widget_type=\"heading.default\">\n\t\t\t\t<div class=\"elementor-widget-container\">\n\t\t\t\t\t<h2 class=\"elementor-heading-title elementor-size-default\">M\u00e1s info<\/h2>\t\t\t\t<\/div>\n\t\t\t\t<\/div>\n\t\t\t\t<div class=\"elementor-element elementor-element-f127f2e elementor-widget__width-initial elementor-widget elementor-widget-text-editor\" data-id=\"f127f2e\" data-element_type=\"widget\" data-e-type=\"widget\" data-widget_type=\"text-editor.default\">\n\t\t\t\t<div class=\"elementor-widget-container\">\n\t\t\t\t\t\t\t\t\t<ul><li style=\"list-style-type: none;\"><ul><li style=\"font-weight: 400;\" aria-level=\"1\"><span style=\"font-weight: 400;\">Pa mayores de 16 a\u00f1os.<\/span><\/li><li style=\"font-weight: 400;\" aria-level=\"1\"><span style=\"font-weight: 400;\">Tel\u00e9fonu de contactu: 687485043 (v\u00eda Whatsapp)<\/span><\/li><\/ul><\/li><\/ul><p><span style=\"font-weight: 400;\">Am\u00e1s, y\u00e1 contamos dende ochobre de 2025 coles<\/span> <b>famoses clases de baille y pandereta de Santi Galguera,<\/b> <span style=\"font-weight: 400;\">que nesta ocasi\u00f3n vien acompa\u00f1\u00e1u por <\/span><b>Marco Zarabozo. <\/b> <\/p><p><span style=\"font-weight: 400;\">Toles clases son<\/span> los <b>llunes pela tarde<span style=\"font-weight: 400;\">: <\/span><\/b> <\/p><ul><li style=\"list-style-type: none;\"><ul><li style=\"font-weight: 400;\" aria-level=\"1\">Marco ta al mandu <span style=\"font-weight: 400;\">de <\/span><b>La Ben\u00e9fica<span style=\"font-weight: 400;\">: <\/span><\/b><b>baille pa la reciella<\/b><span style=\"font-weight: 400;\"> a les 16.30h. Am\u00e1s, tami\u00e9n hai g\u00fcecu pa la xente adulto: a les 17.30h pandereta iniciaci\u00f3n y a les 18.30h baille iniciaci\u00f3n. <\/span> <b>pandereta iniciaci\u00f3n<\/b> <span style=\"font-weight: 400;\">y a les 18.30h<\/span><b> baille iniciaci\u00f3n. <\/b> <\/li><li style=\"font-weight: 400;\" aria-level=\"1\"><span style=\"font-weight: 400;\">Santi enc\u00e1rgase de la <\/span><b>Sala Polivalente: <\/b><span style=\"font-weight: 400;\">nivel <\/span><b>intermedio de baille<\/b> <span style=\"font-weight: 400;\">a les 18.30h,<\/span> <b>baille avanz\u00e1u<\/b><span style=\"font-weight: 400;\"> a les 19.30h y<\/span> pandereta avanz\u00e1u <span style=\"font-weight: 400;\">a les 20.30<\/span> <\/li><\/ul><\/li><\/ul><p><span style=\"font-weight: 400;\">Y\u00e1 sab\u00e9is lo importante que ye pa nosotres <\/span><b>caltener viva la tradici\u00f3n, <\/b><span style=\"font-weight: 400;\">y eso, Santi y Marco faenlo de maraviya. <\/span> <\/p><p><b>M\u00e1s informaci\u00f3n<\/b><span style=\"font-weight: 400;\">: 680 52 17 99 (Santi).<\/span><\/p>\t\t\t\t\t\t\t\t<\/div>\n\t\t\t\t<\/div>\n\t\t\t\t\t<\/div>\n\t\t<\/div>\n\t\t\t\t\t<\/div>\n\t\t<\/section>\n\t\t\t\t<\/div>\n\t\t","protected":false},"excerpt":{"rendered":"<p>Ye verd\u00e1 qu\u2019en La Ben\u00e9fica solemos tener eventos puntuales, pero tami\u00e9n contamos con cursos de continuid\u00e1 nos que poder venos les cares guapes toles selmanes. 2026 empez\u00e1moslo fuerte y d\u00e1mos-y vida a una propuesta nueva: L\u2019ESTAME \u00a1un espaciu de creaci\u00f3n teatral! Sergio Mart\u00ednez Vila, dramaturgu, escritor y director, va guiar al grupu a crear una [&hellip;]<\/p>\n","protected":false},"author":1,"featured_media":17622,"comment_status":"closed","ping_status":"closed","sticky":false,"template":"","format":"standard","meta":{"_monsterinsights_skip_tracking":false,"_monsterinsights_sitenote_active":false,"_monsterinsights_sitenote_note":"","_monsterinsights_sitenote_category":0,"footnotes":""},"categories":[123,122],"tags":[],"class_list":["post-17604","post","type-post","status-publish","format-standard","has-post-thumbnail","hentry","category-noticias","category-programacion-cultural-2"],"aioseo_notices":[],"_links":{"self":[{"href":"https:\/\/labenefica.org\/ast\/wp-json\/wp\/v2\/posts\/17604","targetHints":{"allow":["GET"]}}],"collection":[{"href":"https:\/\/labenefica.org\/ast\/wp-json\/wp\/v2\/posts"}],"about":[{"href":"https:\/\/labenefica.org\/ast\/wp-json\/wp\/v2\/types\/post"}],"author":[{"embeddable":true,"href":"https:\/\/labenefica.org\/ast\/wp-json\/wp\/v2\/users\/1"}],"replies":[{"embeddable":true,"href":"https:\/\/labenefica.org\/ast\/wp-json\/wp\/v2\/comments?post=17604"}],"version-history":[{"count":5,"href":"https:\/\/labenefica.org\/ast\/wp-json\/wp\/v2\/posts\/17604\/revisions"}],"predecessor-version":[{"id":17624,"href":"https:\/\/labenefica.org\/ast\/wp-json\/wp\/v2\/posts\/17604\/revisions\/17624"}],"wp:featuredmedia":[{"embeddable":true,"href":"https:\/\/labenefica.org\/ast\/wp-json\/wp\/v2\/media\/17622"}],"wp:attachment":[{"href":"https:\/\/labenefica.org\/ast\/wp-json\/wp\/v2\/media?parent=17604"}],"wp:term":[{"taxonomy":"category","embeddable":true,"href":"https:\/\/labenefica.org\/ast\/wp-json\/wp\/v2\/categories?post=17604"},{"taxonomy":"post_tag","embeddable":true,"href":"https:\/\/labenefica.org\/ast\/wp-json\/wp\/v2\/tags?post=17604"}],"curies":[{"name":"wp","href":"https:\/\/api.w.org\/{rel}","templated":true}]}}